{"id":4208,"date":"2022-06-21T10:24:18","date_gmt":"2022-06-21T08:24:18","guid":{"rendered":"https:\/\/www.prostornina.com\/?p=4208"},"modified":"2022-06-21T10:26:23","modified_gmt":"2022-06-21T08:26:23","slug":"trendi-s-salona-pohistva-v-milanu","status":"publish","type":"post","link":"https:\/\/www.prostornina.com\/sl\/trendi-s-salona-pohistva-v-milanu\/","title":{"rendered":"Trendi s salona pohi\u0161tva v Milanu"},"content":{"rendered":"<div data-elementor-type=\"wp-post\" data-elementor-id=\"4208\" class=\"elementor elementor-4208\" data-elementor-post-type=\"post\">\n\t\t\t\t\t\t<section class=\"elementor-section elementor-top-section elementor-element elementor-element-864263d elementor-section-boxed elementor-section-height-default elementor-section-height-default\" data-id=\"864263d\" data-element_type=\"section\">\n\t\t\t\t\t\t<div class=\"elementor-container elementor-column-gap-default\">\n\t\t\t\t\t<div class=\"elementor-column elementor-col-100 elementor-top-column elementor-element elementor-element-efac5c8\" data-id=\"efac5c8\" data-element_type=\"column\">\n\t\t\t<div class=\"elementor-widget-wrap elementor-element-populated\">\n\t\t\t\t\t\t<div class=\"elementor-element elementor-element-f02f7f3 elementor-widget elementor-widget-text-editor\" data-id=\"f02f7f3\" data-element_type=\"widget\" data-widget_type=\"text-editor.default\">\n\t\t\t\t<div class=\"elementor-widget-container\">\n\t\t\t\t\t\t\t<p style=\"text-align: center;\"><span style=\"font-weight: 400;\">\u010clanice ekipe biroja Prostornina smo kon\u010dno do\u010dakale milanski sejem pohi\u0161tva Salone del Mobile.Milano, ki je potekal med 7 in 12 junijem, nad katerim smo bile navdu\u0161ene!\u00a0<\/span><span style=\"font-weight: 400;\">Podjetja, ki veliko pozornosti namenijo raziskovanju trga, so svoje modele, prototipe in koncepte razdelila na kar 24 segmentov, pregled trendov s podro\u010dja notranjega oblikovanja in tehnologije, ki so ga pripravili za obiskovalce, pa je potrdil, da se tudi na\u0161a kreativna ekipa premika v pravo smer \ud83d\ude42<\/span><\/p>\t\t\t\t\t\t<\/div>\n\t\t\t\t<\/div>\n\t\t\t\t\t<\/div>\n\t\t<\/div>\n\t\t\t\t\t<\/div>\n\t\t<\/section>\n\t\t\t\t<section class=\"elementor-section elementor-top-section elementor-element elementor-element-233bcab elementor-section-boxed elementor-section-height-default elementor-section-height-default\" data-id=\"233bcab\" data-element_type=\"section\">\n\t\t\t\t\t\t<div class=\"elementor-container elementor-column-gap-default\">\n\t\t\t\t\t<div class=\"elementor-column elementor-col-100 elementor-top-column elementor-element elementor-element-6822870\" data-id=\"6822870\" data-element_type=\"column\">\n\t\t\t<div class=\"elementor-widget-wrap elementor-element-populated\">\n\t\t\t\t\t\t<div class=\"elementor-element elementor-element-ba10d3e elementor-widget elementor-widget-image\" data-id=\"ba10d3e\" data-element_type=\"widget\" data-widget_type=\"image.default\">\n\t\t\t\t<div class=\"elementor-widget-container\">\n\t\t\t\t\t\t\t\t\t\t\t\t\t<img fetchpriority=\"high\" decoding=\"async\" width=\"1440\" height=\"858\" src=\"https:\/\/www.prostornina.com\/wp-content\/uploads\/2022\/06\/Cooking-Surface-Prime-x-ABKStone-kuhalisce.jpeg\" class=\"attachment-full size-full wp-image-4202\" alt=\"\" srcset=\"https:\/\/www.prostornina.com\/wp-content\/uploads\/2022\/06\/Cooking-Surface-Prime-x-ABKStone-kuhalisce.jpeg 1440w, https:\/\/www.prostornina.com\/wp-content\/uploads\/2022\/06\/Cooking-Surface-Prime-x-ABKStone-kuhalisce-300x179.jpeg 300w, https:\/\/www.prostornina.com\/wp-content\/uploads\/2022\/06\/Cooking-Surface-Prime-x-ABKStone-kuhalisce-1024x610.jpeg 1024w, https:\/\/www.prostornina.com\/wp-content\/uploads\/2022\/06\/Cooking-Surface-Prime-x-ABKStone-kuhalisce-768x458.jpeg 768w, https:\/\/www.prostornina.com\/wp-content\/uploads\/2022\/06\/Cooking-Surface-Prime-x-ABKStone-kuhalisce-18x12.jpeg 18w\" sizes=\"(max-width: 1440px) 100vw, 1440px\" \/>\t\t\t\t\t\t\t\t\t\t\t\t\t<\/div>\n\t\t\t\t<\/div>\n\t\t\t\t<div class=\"elementor-element elementor-element-ef18395 elementor-widget elementor-widget-text-editor\" data-id=\"ef18395\" data-element_type=\"widget\" data-widget_type=\"text-editor.default\">\n\t\t\t\t<div class=\"elementor-widget-container\">\n\t\t\t\t\t\t\t<p style=\"text-align: center;\"><a href=\"https:\/\/www.abkstone.com\/en\/cooking_surface_prime\">Skrito kuhali\u0161\u010de, ABK Stone &amp; Cooking Surface Prime<\/a><\/p>\t\t\t\t\t\t<\/div>\n\t\t\t\t<\/div>\n\t\t\t\t\t<\/div>\n\t\t<\/div>\n\t\t\t\t\t<\/div>\n\t\t<\/section>\n\t\t\t\t<section class=\"elementor-section elementor-top-section elementor-element elementor-element-0480190 elementor-section-boxed elementor-section-height-default elementor-section-height-default\" data-id=\"0480190\" data-element_type=\"section\">\n\t\t\t\t\t\t<div class=\"elementor-container elementor-column-gap-default\">\n\t\t\t\t\t<div class=\"elementor-column elementor-col-100 elementor-top-column elementor-element elementor-element-5d461b9\" data-id=\"5d461b9\" data-element_type=\"column\">\n\t\t\t<div class=\"elementor-widget-wrap elementor-element-populated\">\n\t\t\t\t\t\t<div class=\"elementor-element elementor-element-21ed8af elementor-widget elementor-widget-text-editor\" data-id=\"21ed8af\" data-element_type=\"widget\" data-widget_type=\"text-editor.default\">\n\t\t\t\t<div class=\"elementor-widget-container\">\n\t\t\t\t\t\t\t<h2><span style=\"font-weight: 400;\">ELEGANTEN PREPLET TEHNOLOGIJE IN DIZAJNA<\/span><\/h2><p><span style=\"font-weight: 400;\">Eden izmed prevladajo\u010dih trendov, ki smo ga zasledili na sejmu, je sigurno eleganten preplet tehnologije in dizajna, ki izbolj\u0161uje kakovost \u017eivljenja ljudi v javnih in zasebnih interierjih. Inovativne tehnolo\u0161ke re\u0161itve, od raznoliko oblikovanih panelov za zvo\u010dno izolacijo, ki izbolj\u0161ujejo zdravje in po\u010dutje ljudi v delovnih prostorih, do tehnologije in aparatov, ki se odzivajo na glasovne ukaze ter v kamen integriranih tehnologij na dotik za vklop in zatemnitev lu\u010di, so bile stalno prisotne v vseh razstavnih prostorih sejma. Elegantna in inovativna oblikovalska re\u0161itev, nad katero je bila nadu\u0161ena tudi na\u0161a ekipa, pa so bili kamniti kuhinjski pulti s skritim kuhali\u0161\u010dem. Pri podjetju <a href=\"https:\/\/www.abkstone.com\/it\/\">ABK Stone<\/a><\/span><span style=\"font-weight: 400;\">\u00a0so nam pokazali razli\u010dne tehni\u010dne in naravne kamne, ki se lahko uporabijo za oblogo kuhinjskega pulta z <a href=\"https:\/\/www.abkstone.com\/en\/cooking_surface_prime\">Cooking Surface Prime kuhali\u0161\u010dem<\/a>.<\/span><\/p>\t\t\t\t\t\t<\/div>\n\t\t\t\t<\/div>\n\t\t\t\t\t<\/div>\n\t\t<\/div>\n\t\t\t\t\t<\/div>\n\t\t<\/section>\n\t\t\t\t<section class=\"elementor-section elementor-top-section elementor-element elementor-element-b751aa5 elementor-section-boxed elementor-section-height-default elementor-section-height-default\" data-id=\"b751aa5\" data-element_type=\"section\">\n\t\t\t\t\t\t<div class=\"elementor-container elementor-column-gap-default\">\n\t\t\t\t\t<div class=\"elementor-column elementor-col-100 elementor-top-column elementor-element elementor-element-ba265ee\" data-id=\"ba265ee\" data-element_type=\"column\">\n\t\t\t<div class=\"elementor-widget-wrap elementor-element-populated\">\n\t\t\t\t\t\t<div class=\"elementor-element elementor-element-1910722 elementor-widget elementor-widget-image\" data-id=\"1910722\" data-element_type=\"widget\" data-widget_type=\"image.default\">\n\t\t\t\t<div class=\"elementor-widget-container\">\n\t\t\t\t\t\t\t\t\t\t\t\t\t<img decoding=\"async\" width=\"2048\" height=\"1152\" src=\"https:\/\/www.prostornina.com\/wp-content\/uploads\/2022\/06\/Shake-kuhinja.jpeg\" class=\"attachment-full size-full wp-image-4206\" alt=\"\" srcset=\"https:\/\/www.prostornina.com\/wp-content\/uploads\/2022\/06\/Shake-kuhinja.jpeg 2048w, https:\/\/www.prostornina.com\/wp-content\/uploads\/2022\/06\/Shake-kuhinja-300x169.jpeg 300w, https:\/\/www.prostornina.com\/wp-content\/uploads\/2022\/06\/Shake-kuhinja-1024x576.jpeg 1024w, https:\/\/www.prostornina.com\/wp-content\/uploads\/2022\/06\/Shake-kuhinja-768x432.jpeg 768w, https:\/\/www.prostornina.com\/wp-content\/uploads\/2022\/06\/Shake-kuhinja-1536x864.jpeg 1536w, https:\/\/www.prostornina.com\/wp-content\/uploads\/2022\/06\/Shake-kuhinja-18x10.jpeg 18w\" sizes=\"(max-width: 2048px) 100vw, 2048px\" \/>\t\t\t\t\t\t\t\t\t\t\t\t\t<\/div>\n\t\t\t\t<\/div>\n\t\t\t\t<div class=\"elementor-element elementor-element-b7d3ac2 elementor-widget elementor-widget-text-editor\" data-id=\"b7d3ac2\" data-element_type=\"widget\" data-widget_type=\"text-editor.default\">\n\t\t\t\t<div class=\"elementor-widget-container\">\n\t\t\t\t\t\t\t<p style=\"text-align: center;\"><a href=\"https:\/\/www.facebook.com\/shakedesignofficial\/photos\/a.116390407743617\/120126170703374\">Kuhinja z velikim kuhinjskim otokom iz naravnega kamna Travertino, Shake Design<\/a><\/p>\t\t\t\t\t\t<\/div>\n\t\t\t\t<\/div>\n\t\t\t\t\t<\/div>\n\t\t<\/div>\n\t\t\t\t\t<\/div>\n\t\t<\/section>\n\t\t\t\t<section class=\"elementor-section elementor-top-section elementor-element elementor-element-74f0a4a elementor-section-boxed elementor-section-height-default elementor-section-height-default\" data-id=\"74f0a4a\" data-element_type=\"section\">\n\t\t\t\t\t\t<div class=\"elementor-container elementor-column-gap-default\">\n\t\t\t\t\t<div class=\"elementor-column elementor-col-100 elementor-top-column elementor-element elementor-element-0546072\" data-id=\"0546072\" data-element_type=\"column\">\n\t\t\t<div class=\"elementor-widget-wrap elementor-element-populated\">\n\t\t\t\t\t\t<div class=\"elementor-element elementor-element-fd48db1 elementor-widget elementor-widget-text-editor\" data-id=\"fd48db1\" data-element_type=\"widget\" data-widget_type=\"text-editor.default\">\n\t\t\t\t<div class=\"elementor-widget-container\">\n\t\t\t\t\t\t\t<h2><span style=\"font-weight: 400;\">NARAVNI MATERIALI<\/span><\/h2><p><span style=\"font-weight: 400;\">Na sejmu so prevladali predvsem naravni materiali, ki v notranje prostore vna\u0161ajo del zunanjega sveta in ga tako naredijo bolj prijetnega za bivanje. Eden izmed materialov in mo\u017enosti njegove uporabe, nad katerim je bila na\u0161a ekipa mo\u010dno o\u010darana, je bil naravni kamen Travertino. Na sejmu smo lahko ob\u010dudovali omarice, naslonjala sede\u017enih garnitur, fronte kuhinjskih omaric in kuhinjo z velikim monolitnim kuhinjskim otokom iz tega pre\u010dudovitega kamna, ki jo je oblikovalo podjetje <a href=\"https:\/\/www.shake-design.it\/\">Shake<\/a>.<\/span><\/p>\t\t\t\t\t\t<\/div>\n\t\t\t\t<\/div>\n\t\t\t\t\t<\/div>\n\t\t<\/div>\n\t\t\t\t\t<\/div>\n\t\t<\/section>\n\t\t\t\t<section class=\"elementor-section elementor-top-section elementor-element elementor-element-b259da6 elementor-section-boxed elementor-section-height-default elementor-section-height-default\" data-id=\"b259da6\" data-element_type=\"section\">\n\t\t\t\t\t\t<div class=\"elementor-container elementor-column-gap-default\">\n\t\t\t\t\t<div class=\"elementor-column elementor-col-100 elementor-top-column elementor-element elementor-element-0bdcffe\" data-id=\"0bdcffe\" data-element_type=\"column\">\n\t\t\t<div class=\"elementor-widget-wrap elementor-element-populated\">\n\t\t\t\t\t\t<div class=\"elementor-element elementor-element-cdf6d6e elementor-widget elementor-widget-image\" data-id=\"cdf6d6e\" data-element_type=\"widget\" data-widget_type=\"image.default\">\n\t\t\t\t<div class=\"elementor-widget-container\">\n\t\t\t\t\t\t\t\t\t\t\t\t\t<img decoding=\"async\" width=\"977\" height=\"845\" src=\"https:\/\/www.prostornina.com\/wp-content\/uploads\/2022\/06\/Enne-miza-s-kamnitim-podstavkom-1.jpeg\" class=\"attachment-full size-full wp-image-4207\" alt=\"\" srcset=\"https:\/\/www.prostornina.com\/wp-content\/uploads\/2022\/06\/Enne-miza-s-kamnitim-podstavkom-1.jpeg 977w, https:\/\/www.prostornina.com\/wp-content\/uploads\/2022\/06\/Enne-miza-s-kamnitim-podstavkom-1-300x259.jpeg 300w, https:\/\/www.prostornina.com\/wp-content\/uploads\/2022\/06\/Enne-miza-s-kamnitim-podstavkom-1-768x664.jpeg 768w, https:\/\/www.prostornina.com\/wp-content\/uploads\/2022\/06\/Enne-miza-s-kamnitim-podstavkom-1-14x12.jpeg 14w\" sizes=\"(max-width: 977px) 100vw, 977px\" \/>\t\t\t\t\t\t\t\t\t\t\t\t\t<\/div>\n\t\t\t\t<\/div>\n\t\t\t\t<div class=\"elementor-element elementor-element-236f1dc elementor-widget elementor-widget-text-editor\" data-id=\"236f1dc\" data-element_type=\"widget\" data-widget_type=\"text-editor.default\">\n\t\t\t\t<div class=\"elementor-widget-container\">\n\t\t\t\t\t\t\t<p style=\"text-align: center;\"><a href=\"https:\/\/www.facebook.com\/ennefurniture\/photos\/a.1527239380628276\/5513102128708628\/\">Lesena miza s kamnitim podstavkom, ENNE<\/a><\/p>\t\t\t\t\t\t<\/div>\n\t\t\t\t<\/div>\n\t\t\t\t\t<\/div>\n\t\t<\/div>\n\t\t\t\t\t<\/div>\n\t\t<\/section>\n\t\t\t\t<section class=\"elementor-section elementor-top-section elementor-element elementor-element-d6c0480 elementor-section-boxed elementor-section-height-default elementor-section-height-default\" data-id=\"d6c0480\" data-element_type=\"section\">\n\t\t\t\t\t\t<div class=\"elementor-container elementor-column-gap-default\">\n\t\t\t\t\t<div class=\"elementor-column elementor-col-100 elementor-top-column elementor-element elementor-element-2d94162\" data-id=\"2d94162\" data-element_type=\"column\">\n\t\t\t<div class=\"elementor-widget-wrap elementor-element-populated\">\n\t\t\t\t\t\t<div class=\"elementor-element elementor-element-77728d1 elementor-widget elementor-widget-text-editor\" data-id=\"77728d1\" data-element_type=\"widget\" data-widget_type=\"text-editor.default\">\n\t\t\t\t<div class=\"elementor-widget-container\">\n\t\t\t\t\t\t\t<h2><span style=\"font-weight: 400;\">POHI\u0160TVO ZAOBLJENIH OBLIK<\/span><\/h2><p><span style=\"font-weight: 400;\">Eden izmed konstantno prisotnih trendov na sejmu je bil tudi trend pohi\u0161tva zaobljenih oblik, ki ga lahko najdemo tako v oblikovanju ve\u010djih, osnovnih kosov notranje opreme kuhinj, bivalnih prostorov in tudi javnih interierjev, ali v oblikah kosovnega pohi\u0161tva, dekorja in dodatkov za dom.\u00a0<\/span><span style=\"font-weight: 400;\">Eden od razstavnih prostorov, kjer so prevladovale mehke organske oblike in se nam je mo\u010dno vtisnil v spomin, je bil interier podjetja <a href=\"https:\/\/millamilli.com\/index.html\">Milla&amp;Milli<\/a>, kjer so predstavili kolekcije notranje opreme <a href=\"https:\/\/millamilli.com\/eternel.html\">Eternel<\/a>, <a href=\"https:\/\/millamilli.com\/bloom.html\">Bloom<\/a> and <a href=\"https:\/\/millamilli.com\/waves.html\">Waves<\/a>.<\/span><\/p>\t\t\t\t\t\t<\/div>\n\t\t\t\t<\/div>\n\t\t\t\t\t<\/div>\n\t\t<\/div>\n\t\t\t\t\t<\/div>\n\t\t<\/section>\n\t\t\t\t<section class=\"elementor-section elementor-top-section elementor-element elementor-element-2aae1dd elementor-section-boxed elementor-section-height-default elementor-section-height-default\" data-id=\"2aae1dd\" data-element_type=\"section\">\n\t\t\t\t\t\t<div class=\"elementor-container elementor-column-gap-default\">\n\t\t\t\t\t<div class=\"elementor-column elementor-col-100 elementor-top-column elementor-element elementor-element-2c6a449\" data-id=\"2c6a449\" data-element_type=\"column\">\n\t\t\t<div class=\"elementor-widget-wrap elementor-element-populated\">\n\t\t\t\t\t\t<div class=\"elementor-element elementor-element-77d4c6e elementor-widget elementor-widget-image\" data-id=\"77d4c6e\" data-element_type=\"widget\" data-widget_type=\"image.default\">\n\t\t\t\t<div class=\"elementor-widget-container\">\n\t\t\t\t\t\t\t\t\t\t\t\t\t<img loading=\"lazy\" decoding=\"async\" width=\"940\" height=\"788\" src=\"https:\/\/www.prostornina.com\/wp-content\/uploads\/2022\/06\/MillaMilli-razstavni-interier.jpeg\" class=\"attachment-full size-full wp-image-4205\" alt=\"\" srcset=\"https:\/\/www.prostornina.com\/wp-content\/uploads\/2022\/06\/MillaMilli-razstavni-interier.jpeg 940w, https:\/\/www.prostornina.com\/wp-content\/uploads\/2022\/06\/MillaMilli-razstavni-interier-300x251.jpeg 300w, https:\/\/www.prostornina.com\/wp-content\/uploads\/2022\/06\/MillaMilli-razstavni-interier-768x644.jpeg 768w, https:\/\/www.prostornina.com\/wp-content\/uploads\/2022\/06\/MillaMilli-razstavni-interier-14x12.jpeg 14w\" sizes=\"(max-width: 940px) 100vw, 940px\" \/>\t\t\t\t\t\t\t\t\t\t\t\t\t<\/div>\n\t\t\t\t<\/div>\n\t\t\t\t<div class=\"elementor-element elementor-element-e08e36e elementor-widget elementor-widget-text-editor\" data-id=\"e08e36e\" data-element_type=\"widget\" data-widget_type=\"text-editor.default\">\n\t\t\t\t<div class=\"elementor-widget-container\">\n\t\t\t\t\t\t\t<p style=\"text-align: center;\"><a href=\"https:\/\/www.facebook.com\/millamillifurniture\/\">Razstavni interier podjetja Milla&amp;Milli<\/a><\/p>\t\t\t\t\t\t<\/div>\n\t\t\t\t<\/div>\n\t\t\t\t\t<\/div>\n\t\t<\/div>\n\t\t\t\t\t<\/div>\n\t\t<\/section>\n\t\t\t\t<section class=\"elementor-section elementor-top-section elementor-element elementor-element-543d4ea elementor-section-full_width elementor-section-height-default elementor-section-height-default\" data-id=\"543d4ea\" data-element_type=\"section\" data-settings=\"{&quot;background_background&quot;:&quot;classic&quot;}\">\n\t\t\t\t\t\t<div class=\"elementor-container elementor-column-gap-default\">\n\t\t\t\t\t<div class=\"elementor-column elementor-col-100 elementor-top-column elementor-element elementor-element-d9c83d6\" data-id=\"d9c83d6\" data-element_type=\"column\">\n\t\t\t<div class=\"elementor-widget-wrap elementor-element-populated\">\n\t\t\t\t\t\t<section class=\"elementor-section elementor-inner-section elementor-element elementor-element-288d934 elementor-section-boxed elementor-section-height-default elementor-section-height-default\" data-id=\"288d934\" data-element_type=\"section\">\n\t\t\t\t\t\t<div class=\"elementor-container elementor-column-gap-default\">\n\t\t\t\t\t<div class=\"elementor-column elementor-col-100 elementor-inner-column elementor-element elementor-element-15d639c\" data-id=\"15d639c\" data-element_type=\"column\">\n\t\t\t<div class=\"elementor-widget-wrap elementor-element-populated\">\n\t\t\t\t\t\t<div class=\"elementor-element elementor-element-5f3970c elementor-widget elementor-widget-text-editor\" data-id=\"5f3970c\" data-element_type=\"widget\" data-widget_type=\"text-editor.default\">\n\t\t\t\t<div class=\"elementor-widget-container\">\n\t\t\t\t\t\t\t<p style=\"text-align: center;\"><span style=\"font-weight: 400;\">Prihodnost notranjega oblikovanja je tako usmerjena k funkcionalnim, trajnostno naravnanim in tehnolo\u0161ko inovativnim re\u0161itvam, ki olaj\u0161ajo in izbolj\u0161ujejo kakovost \u017eivljenja ljudi ter pozitivno vplivajo na okolje v katerem \u017eivimo.<\/span><\/p>\t\t\t\t\t\t<\/div>\n\t\t\t\t<\/div>\n\t\t\t\t\t<\/div>\n\t\t<\/div>\n\t\t\t\t\t<\/div>\n\t\t<\/section>\n\t\t\t\t\t<\/div>\n\t\t<\/div>\n\t\t\t\t\t<\/div>\n\t\t<\/section>\n\t\t\t\t<\/div>","protected":false},"excerpt":{"rendered":"<p>\u010clanice ekipe biroja Prostornina smo kon\u010dno do\u010dakale milanski sejem pohi\u0161tva Salone del Mobile.Milano, ki je potekal med 7 in 12 junijem, nad katerim smo bile navdu\u0161ene!&nbsp;Podjetja, ki veliko pozornosti namenijo raziskovanju trga, so svoje modele, prototipe in koncepte razdelila na kar 24 segmentov, pregled trendov s podro\u010dja notranjega oblikovanja in tehnologije, ki so ga pripravili [&hellip;]<\/p>","protected":false},"author":2,"featured_media":4210,"comment_status":"open","ping_status":"open","sticky":false,"template":"","format":"standard","meta":{"_acf_changed":false,"inline_featured_image":false,"footnotes":""},"categories":[1],"tags":[],"class_list":["post-4208","post","type-post","status-publish","format-standard","has-post-thumbnail","hentry","category-prostornina"],"acf":[],"yoast_head":"<!-- This site is optimized with the Yoast SEO plugin v24.0 - https:\/\/yoast.com\/wordpress\/plugins\/seo\/ -->\n<title>Trendi s salona pohi\u0161tva v Milanu | Prostornina | Interior Design<\/title>\n<meta name=\"description\" content=\"\u010clanice Prostornine smo kon\u010dno do\u010dakale sejem pohi\u0161tva Salone del Mobile.Milano. Poglejte si trende in kose, ki so navdu\u0161ili na\u0161o ekipo!\" \/>\n<meta name=\"robots\" content=\"index, follow, max-snippet:-1, max-image-preview:large, max-video-preview:-1\" \/>\n<link rel=\"canonical\" href=\"https:\/\/www.prostornina.com\/sl\/trendi-s-salona-pohistva-v-milanu\/\" \/>\n<meta property=\"og:locale\" content=\"sl_SI\" \/>\n<meta property=\"og:type\" content=\"article\" \/>\n<meta property=\"og:title\" content=\"Trendi s salona pohi\u0161tva v Milanu | Prostornina | Interior Design\" \/>\n<meta property=\"og:description\" content=\"\u010clanice Prostornine smo kon\u010dno do\u010dakale sejem pohi\u0161tva Salone del Mobile.Milano. Poglejte si trende in kose, ki so navdu\u0161ili na\u0161o ekipo!\" \/>\n<meta property=\"og:url\" content=\"https:\/\/www.prostornina.com\/sl\/trendi-s-salona-pohistva-v-milanu\/\" \/>\n<meta property=\"og:site_name\" content=\"Prostornina | Notranje oblikovanje\" \/>\n<meta property=\"article:publisher\" content=\"https:\/\/www.facebook.com\/prostornina\" \/>\n<meta property=\"article:published_time\" content=\"2022-06-21T08:24:18+00:00\" \/>\n<meta property=\"article:modified_time\" content=\"2022-06-21T08:26:23+00:00\" \/>\n<meta property=\"og:image\" content=\"https:\/\/www.prostornina.com\/wp-content\/uploads\/2022\/06\/salone-del-mobile-milano.jpeg\" \/>\n\t<meta property=\"og:image:width\" content=\"800\" \/>\n\t<meta property=\"og:image:height\" content=\"534\" \/>\n\t<meta property=\"og:image:type\" content=\"image\/jpeg\" \/>\n<meta name=\"author\" content=\"Prostornina Prostornina\" \/>\n<meta name=\"twitter:card\" content=\"summary_large_image\" \/>\n<meta name=\"twitter:label1\" content=\"Written by\" \/>\n\t<meta name=\"twitter:data1\" content=\"Prostornina Prostornina\" \/>\n\t<meta name=\"twitter:label2\" content=\"Est. reading time\" \/>\n\t<meta name=\"twitter:data2\" content=\"3 minute\" \/>\n<script type=\"application\/ld+json\" class=\"yoast-schema-graph\">{\"@context\":\"https:\/\/schema.org\",\"@graph\":[{\"@type\":\"Article\",\"@id\":\"https:\/\/www.prostornina.com\/trendi-s-salona-pohistva-v-milanu\/#article\",\"isPartOf\":{\"@id\":\"https:\/\/www.prostornina.com\/trendi-s-salona-pohistva-v-milanu\/\"},\"author\":{\"name\":\"Prostornina Prostornina\",\"@id\":\"https:\/\/www.prostornina.com\/sl\/#\/schema\/person\/afbd77fb1929c08ed09e808f3271fdae\"},\"headline\":\"Trendi s salona pohi\u0161tva v Milanu\",\"datePublished\":\"2022-06-21T08:24:18+00:00\",\"dateModified\":\"2022-06-21T08:26:23+00:00\",\"mainEntityOfPage\":{\"@id\":\"https:\/\/www.prostornina.com\/trendi-s-salona-pohistva-v-milanu\/\"},\"wordCount\":462,\"commentCount\":0,\"publisher\":{\"@id\":\"https:\/\/www.prostornina.com\/sl\/#organization\"},\"image\":{\"@id\":\"https:\/\/www.prostornina.com\/trendi-s-salona-pohistva-v-milanu\/#primaryimage\"},\"thumbnailUrl\":\"https:\/\/www.prostornina.com\/wp-content\/uploads\/2022\/06\/salone-del-mobile-milano.jpeg\",\"articleSection\":[\"prostornina\"],\"inLanguage\":\"sl-SI\",\"potentialAction\":[{\"@type\":\"CommentAction\",\"name\":\"Comment\",\"target\":[\"https:\/\/www.prostornina.com\/trendi-s-salona-pohistva-v-milanu\/#respond\"]}]},{\"@type\":\"WebPage\",\"@id\":\"https:\/\/www.prostornina.com\/trendi-s-salona-pohistva-v-milanu\/\",\"url\":\"https:\/\/www.prostornina.com\/trendi-s-salona-pohistva-v-milanu\/\",\"name\":\"Trendi s salona pohi\u0161tva v Milanu | Prostornina | Interior Design\",\"isPartOf\":{\"@id\":\"https:\/\/www.prostornina.com\/sl\/#website\"},\"primaryImageOfPage\":{\"@id\":\"https:\/\/www.prostornina.com\/trendi-s-salona-pohistva-v-milanu\/#primaryimage\"},\"image\":{\"@id\":\"https:\/\/www.prostornina.com\/trendi-s-salona-pohistva-v-milanu\/#primaryimage\"},\"thumbnailUrl\":\"https:\/\/www.prostornina.com\/wp-content\/uploads\/2022\/06\/salone-del-mobile-milano.jpeg\",\"datePublished\":\"2022-06-21T08:24:18+00:00\",\"dateModified\":\"2022-06-21T08:26:23+00:00\",\"description\":\"\u010clanice Prostornine smo kon\u010dno do\u010dakale sejem pohi\u0161tva Salone del Mobile.Milano. Poglejte si trende in kose, ki so navdu\u0161ili na\u0161o ekipo!\",\"breadcrumb\":{\"@id\":\"https:\/\/www.prostornina.com\/trendi-s-salona-pohistva-v-milanu\/#breadcrumb\"},\"inLanguage\":\"sl-SI\",\"potentialAction\":[{\"@type\":\"ReadAction\",\"target\":[\"https:\/\/www.prostornina.com\/trendi-s-salona-pohistva-v-milanu\/\"]}]},{\"@type\":\"ImageObject\",\"inLanguage\":\"sl-SI\",\"@id\":\"https:\/\/www.prostornina.com\/trendi-s-salona-pohistva-v-milanu\/#primaryimage\",\"url\":\"https:\/\/www.prostornina.com\/wp-content\/uploads\/2022\/06\/salone-del-mobile-milano.jpeg\",\"contentUrl\":\"https:\/\/www.prostornina.com\/wp-content\/uploads\/2022\/06\/salone-del-mobile-milano.jpeg\",\"width\":800,\"height\":534},{\"@type\":\"BreadcrumbList\",\"@id\":\"https:\/\/www.prostornina.com\/trendi-s-salona-pohistva-v-milanu\/#breadcrumb\",\"itemListElement\":[{\"@type\":\"ListItem\",\"position\":1,\"name\":\"Home\",\"item\":\"https:\/\/www.prostornina.com\/\"},{\"@type\":\"ListItem\",\"position\":2,\"name\":\"Trendi s salona pohi\u0161tva v Milanu\"}]},{\"@type\":\"WebSite\",\"@id\":\"https:\/\/www.prostornina.com\/sl\/#website\",\"url\":\"https:\/\/www.prostornina.com\/sl\/\",\"name\":\"Prostornina | Notranje oblikovanje\",\"description\":\"Va\u0161im zgodbam dajemo obliko. Ustvarjamo z ob\u010dutkom oblikovane prostore, ki so funkcionalni in nosijo edinstvene zgodbe po meri naro\u010dnika.\",\"publisher\":{\"@id\":\"https:\/\/www.prostornina.com\/sl\/#organization\"},\"potentialAction\":[{\"@type\":\"SearchAction\",\"target\":{\"@type\":\"EntryPoint\",\"urlTemplate\":\"https:\/\/www.prostornina.com\/sl\/?s={search_term_string}\"},\"query-input\":{\"@type\":\"PropertyValueSpecification\",\"valueRequired\":true,\"valueName\":\"search_term_string\"}}],\"inLanguage\":\"sl-SI\"},{\"@type\":\"Organization\",\"@id\":\"https:\/\/www.prostornina.com\/sl\/#organization\",\"name\":\"Prostornina\",\"url\":\"https:\/\/www.prostornina.com\/sl\/\",\"logo\":{\"@type\":\"ImageObject\",\"inLanguage\":\"sl-SI\",\"@id\":\"https:\/\/www.prostornina.com\/sl\/#\/schema\/logo\/image\/\",\"url\":\"https:\/\/www.prostornina.com\/wp-content\/uploads\/2020\/09\/logo.svg\",\"contentUrl\":\"https:\/\/www.prostornina.com\/wp-content\/uploads\/2020\/09\/logo.svg\",\"width\":184,\"height\":80,\"caption\":\"Prostornina\"},\"image\":{\"@id\":\"https:\/\/www.prostornina.com\/sl\/#\/schema\/logo\/image\/\"},\"sameAs\":[\"https:\/\/www.facebook.com\/prostornina\",\"https:\/\/www.instagram.com\/prostor_nina\/\",\"https:\/\/www.linkedin.com\/company\/prostornina\/\"]},{\"@type\":\"Person\",\"@id\":\"https:\/\/www.prostornina.com\/sl\/#\/schema\/person\/afbd77fb1929c08ed09e808f3271fdae\",\"name\":\"Prostornina Prostornina\",\"image\":{\"@type\":\"ImageObject\",\"inLanguage\":\"sl-SI\",\"@id\":\"https:\/\/www.prostornina.com\/sl\/#\/schema\/person\/image\/\",\"url\":\"https:\/\/secure.gravatar.com\/avatar\/215e0be1200e1f447b004cfb2b3d00aa?s=96&d=mm&r=g\",\"contentUrl\":\"https:\/\/secure.gravatar.com\/avatar\/215e0be1200e1f447b004cfb2b3d00aa?s=96&d=mm&r=g\",\"caption\":\"Prostornina Prostornina\"},\"sameAs\":[\"https:\/\/www.prostornina.com\"],\"url\":\"https:\/\/www.prostornina.com\/sl\/author\/prostornina\/\"}]}<\/script>\n<!-- \/ Yoast SEO plugin. -->","yoast_head_json":{"title":"Trendi s salona pohi\u0161tva v Milanu | Prostornina | Interior Design","description":"\u010clanice Prostornine smo kon\u010dno do\u010dakale sejem pohi\u0161tva Salone del Mobile.Milano. Poglejte si trende in kose, ki so navdu\u0161ili na\u0161o ekipo!","robots":{"index":"index","follow":"follow","max-snippet":"max-snippet:-1","max-image-preview":"max-image-preview:large","max-video-preview":"max-video-preview:-1"},"canonical":"https:\/\/www.prostornina.com\/sl\/trendi-s-salona-pohistva-v-milanu\/","og_locale":"sl_SI","og_type":"article","og_title":"Trendi s salona pohi\u0161tva v Milanu | Prostornina | Interior Design","og_description":"\u010clanice Prostornine smo kon\u010dno do\u010dakale sejem pohi\u0161tva Salone del Mobile.Milano. Poglejte si trende in kose, ki so navdu\u0161ili na\u0161o ekipo!","og_url":"https:\/\/www.prostornina.com\/sl\/trendi-s-salona-pohistva-v-milanu\/","og_site_name":"Prostornina | Notranje oblikovanje","article_publisher":"https:\/\/www.facebook.com\/prostornina","article_published_time":"2022-06-21T08:24:18+00:00","article_modified_time":"2022-06-21T08:26:23+00:00","og_image":[{"width":800,"height":534,"url":"https:\/\/www.prostornina.com\/wp-content\/uploads\/2022\/06\/salone-del-mobile-milano.jpeg","type":"image\/jpeg"}],"author":"Prostornina Prostornina","twitter_card":"summary_large_image","twitter_misc":{"Written by":"Prostornina Prostornina","Est. reading time":"3 minute"},"schema":{"@context":"https:\/\/schema.org","@graph":[{"@type":"Article","@id":"https:\/\/www.prostornina.com\/trendi-s-salona-pohistva-v-milanu\/#article","isPartOf":{"@id":"https:\/\/www.prostornina.com\/trendi-s-salona-pohistva-v-milanu\/"},"author":{"name":"Prostornina Prostornina","@id":"https:\/\/www.prostornina.com\/sl\/#\/schema\/person\/afbd77fb1929c08ed09e808f3271fdae"},"headline":"Trendi s salona pohi\u0161tva v Milanu","datePublished":"2022-06-21T08:24:18+00:00","dateModified":"2022-06-21T08:26:23+00:00","mainEntityOfPage":{"@id":"https:\/\/www.prostornina.com\/trendi-s-salona-pohistva-v-milanu\/"},"wordCount":462,"commentCount":0,"publisher":{"@id":"https:\/\/www.prostornina.com\/sl\/#organization"},"image":{"@id":"https:\/\/www.prostornina.com\/trendi-s-salona-pohistva-v-milanu\/#primaryimage"},"thumbnailUrl":"https:\/\/www.prostornina.com\/wp-content\/uploads\/2022\/06\/salone-del-mobile-milano.jpeg","articleSection":["prostornina"],"inLanguage":"sl-SI","potentialAction":[{"@type":"CommentAction","name":"Comment","target":["https:\/\/www.prostornina.com\/trendi-s-salona-pohistva-v-milanu\/#respond"]}]},{"@type":"WebPage","@id":"https:\/\/www.prostornina.com\/trendi-s-salona-pohistva-v-milanu\/","url":"https:\/\/www.prostornina.com\/trendi-s-salona-pohistva-v-milanu\/","name":"Trendi s salona pohi\u0161tva v Milanu | Prostornina | Interior Design","isPartOf":{"@id":"https:\/\/www.prostornina.com\/sl\/#website"},"primaryImageOfPage":{"@id":"https:\/\/www.prostornina.com\/trendi-s-salona-pohistva-v-milanu\/#primaryimage"},"image":{"@id":"https:\/\/www.prostornina.com\/trendi-s-salona-pohistva-v-milanu\/#primaryimage"},"thumbnailUrl":"https:\/\/www.prostornina.com\/wp-content\/uploads\/2022\/06\/salone-del-mobile-milano.jpeg","datePublished":"2022-06-21T08:24:18+00:00","dateModified":"2022-06-21T08:26:23+00:00","description":"\u010clanice Prostornine smo kon\u010dno do\u010dakale sejem pohi\u0161tva Salone del Mobile.Milano. Poglejte si trende in kose, ki so navdu\u0161ili na\u0161o ekipo!","breadcrumb":{"@id":"https:\/\/www.prostornina.com\/trendi-s-salona-pohistva-v-milanu\/#breadcrumb"},"inLanguage":"sl-SI","potentialAction":[{"@type":"ReadAction","target":["https:\/\/www.prostornina.com\/trendi-s-salona-pohistva-v-milanu\/"]}]},{"@type":"ImageObject","inLanguage":"sl-SI","@id":"https:\/\/www.prostornina.com\/trendi-s-salona-pohistva-v-milanu\/#primaryimage","url":"https:\/\/www.prostornina.com\/wp-content\/uploads\/2022\/06\/salone-del-mobile-milano.jpeg","contentUrl":"https:\/\/www.prostornina.com\/wp-content\/uploads\/2022\/06\/salone-del-mobile-milano.jpeg","width":800,"height":534},{"@type":"BreadcrumbList","@id":"https:\/\/www.prostornina.com\/trendi-s-salona-pohistva-v-milanu\/#breadcrumb","itemListElement":[{"@type":"ListItem","position":1,"name":"Home","item":"https:\/\/www.prostornina.com\/"},{"@type":"ListItem","position":2,"name":"Trendi s salona pohi\u0161tva v Milanu"}]},{"@type":"WebSite","@id":"https:\/\/www.prostornina.com\/sl\/#website","url":"https:\/\/www.prostornina.com\/sl\/","name":"Prostornina | Notranje oblikovanje","description":"Va\u0161im zgodbam dajemo obliko. Ustvarjamo z ob\u010dutkom oblikovane prostore, ki so funkcionalni in nosijo edinstvene zgodbe po meri naro\u010dnika.","publisher":{"@id":"https:\/\/www.prostornina.com\/sl\/#organization"},"potentialAction":[{"@type":"SearchAction","target":{"@type":"EntryPoint","urlTemplate":"https:\/\/www.prostornina.com\/sl\/?s={search_term_string}"},"query-input":{"@type":"PropertyValueSpecification","valueRequired":true,"valueName":"search_term_string"}}],"inLanguage":"sl-SI"},{"@type":"Organization","@id":"https:\/\/www.prostornina.com\/sl\/#organization","name":"Prostornina","url":"https:\/\/www.prostornina.com\/sl\/","logo":{"@type":"ImageObject","inLanguage":"sl-SI","@id":"https:\/\/www.prostornina.com\/sl\/#\/schema\/logo\/image\/","url":"https:\/\/www.prostornina.com\/wp-content\/uploads\/2020\/09\/logo.svg","contentUrl":"https:\/\/www.prostornina.com\/wp-content\/uploads\/2020\/09\/logo.svg","width":184,"height":80,"caption":"Prostornina"},"image":{"@id":"https:\/\/www.prostornina.com\/sl\/#\/schema\/logo\/image\/"},"sameAs":["https:\/\/www.facebook.com\/prostornina","https:\/\/www.instagram.com\/prostor_nina\/","https:\/\/www.linkedin.com\/company\/prostornina\/"]},{"@type":"Person","@id":"https:\/\/www.prostornina.com\/sl\/#\/schema\/person\/afbd77fb1929c08ed09e808f3271fdae","name":"Prostornina Prostornina","image":{"@type":"ImageObject","inLanguage":"sl-SI","@id":"https:\/\/www.prostornina.com\/sl\/#\/schema\/person\/image\/","url":"https:\/\/secure.gravatar.com\/avatar\/215e0be1200e1f447b004cfb2b3d00aa?s=96&d=mm&r=g","contentUrl":"https:\/\/secure.gravatar.com\/avatar\/215e0be1200e1f447b004cfb2b3d00aa?s=96&d=mm&r=g","caption":"Prostornina Prostornina"},"sameAs":["https:\/\/www.prostornina.com"],"url":"https:\/\/www.prostornina.com\/sl\/author\/prostornina\/"}]}},"_links":{"self":[{"href":"https:\/\/www.prostornina.com\/sl\/wp-json\/wp\/v2\/posts\/4208","targetHints":{"allow":["GET"]}}],"collection":[{"href":"https:\/\/www.prostornina.com\/sl\/wp-json\/wp\/v2\/posts"}],"about":[{"href":"https:\/\/www.prostornina.com\/sl\/wp-json\/wp\/v2\/types\/post"}],"author":[{"embeddable":true,"href":"https:\/\/www.prostornina.com\/sl\/wp-json\/wp\/v2\/users\/2"}],"replies":[{"embeddable":true,"href":"https:\/\/www.prostornina.com\/sl\/wp-json\/wp\/v2\/comments?post=4208"}],"version-history":[{"count":27,"href":"https:\/\/www.prostornina.com\/sl\/wp-json\/wp\/v2\/posts\/4208\/revisions"}],"predecessor-version":[{"id":4236,"href":"https:\/\/www.prostornina.com\/sl\/wp-json\/wp\/v2\/posts\/4208\/revisions\/4236"}],"wp:featuredmedia":[{"embeddable":true,"href":"https:\/\/www.prostornina.com\/sl\/wp-json\/wp\/v2\/media\/4210"}],"wp:attachment":[{"href":"https:\/\/www.prostornina.com\/sl\/wp-json\/wp\/v2\/media?parent=4208"}],"wp:term":[{"taxonomy":"category","embeddable":true,"href":"https:\/\/www.prostornina.com\/sl\/wp-json\/wp\/v2\/categories?post=4208"},{"taxonomy":"post_tag","embeddable":true,"href":"https:\/\/www.prostornina.com\/sl\/wp-json\/wp\/v2\/tags?post=4208"}],"curies":[{"name":"wp","href":"https:\/\/api.w.org\/{rel}","templated":true}]}}