{"id":2662,"date":"2021-08-03T09:38:25","date_gmt":"2021-08-03T07:38:25","guid":{"rendered":"https:\/\/www.prostornina.com\/?p=2662"},"modified":"2021-08-03T13:33:58","modified_gmt":"2021-08-03T11:33:58","slug":"barve-v-interierju","status":"publish","type":"post","link":"https:\/\/www.prostornina.com\/sl\/barve-v-interierju\/","title":{"rendered":"Barve v interierju"},"content":{"rendered":"<div data-elementor-type=\"wp-post\" data-elementor-id=\"2662\" class=\"elementor elementor-2662\" data-elementor-post-type=\"post\">\n\t\t\t\t\t\t<section class=\"elementor-section elementor-top-section elementor-element elementor-element-864263d elementor-section-boxed elementor-section-height-default elementor-section-height-default\" data-id=\"864263d\" data-element_type=\"section\">\n\t\t\t\t\t\t<div class=\"elementor-container elementor-column-gap-default\">\n\t\t\t\t\t<div class=\"elementor-column elementor-col-100 elementor-top-column elementor-element elementor-element-efac5c8\" data-id=\"efac5c8\" data-element_type=\"column\">\n\t\t\t<div class=\"elementor-widget-wrap elementor-element-populated\">\n\t\t\t\t\t\t<div class=\"elementor-element elementor-element-f02f7f3 elementor-widget elementor-widget-text-editor\" data-id=\"f02f7f3\" data-element_type=\"widget\" data-widget_type=\"text-editor.default\">\n\t\t\t\t<div class=\"elementor-widget-container\">\n\t\t\t\t\t\t\t<p style=\"text-align: center;\"><span style=\"font-weight: 400;\">Barve, bolj kot katerikoli drugi faktor, vplivajo na vzdu\u0161je v prostoru. Razli\u010dne barve in barvni odtenki v nas vzbudijo tudi razli\u010dne ob\u010dutke. Pri izbiranju barv za na\u0161 dom je tako klju\u010dno, da razmislimo kak\u0161no vzdu\u0161je \u017eelimo v prostoru ustvariti in kateri barvni odtenki nam bodo to pomagali dose\u010di. <\/span><\/p>\t\t\t\t\t\t<\/div>\n\t\t\t\t<\/div>\n\t\t\t\t\t<\/div>\n\t\t<\/div>\n\t\t\t\t\t<\/div>\n\t\t<\/section>\n\t\t\t\t<section class=\"elementor-section elementor-top-section elementor-element elementor-element-89f7efb elementor-section-boxed elementor-section-height-default elementor-section-height-default\" data-id=\"89f7efb\" data-element_type=\"section\">\n\t\t\t\t\t\t<div class=\"elementor-container elementor-column-gap-default\">\n\t\t\t\t\t<div class=\"elementor-column elementor-col-100 elementor-top-column elementor-element elementor-element-d3ea300\" data-id=\"d3ea300\" data-element_type=\"column\">\n\t\t\t<div class=\"elementor-widget-wrap elementor-element-populated\">\n\t\t\t\t\t\t<div class=\"elementor-element elementor-element-be0669c elementor-widget elementor-widget-image\" data-id=\"be0669c\" data-element_type=\"widget\" data-widget_type=\"image.default\">\n\t\t\t\t<div class=\"elementor-widget-container\">\n\t\t\t\t\t\t\t\t\t\t\t\t\t<img fetchpriority=\"high\" decoding=\"async\" width=\"1501\" height=\"1125\" src=\"https:\/\/www.prostornina.com\/wp-content\/uploads\/2020\/11\/Graz_POGLED_01.jpg\" class=\"attachment-full size-full wp-image-1449\" alt=\"\" srcset=\"https:\/\/www.prostornina.com\/wp-content\/uploads\/2020\/11\/Graz_POGLED_01.jpg 1501w, https:\/\/www.prostornina.com\/wp-content\/uploads\/2020\/11\/Graz_POGLED_01-300x225.jpg 300w, https:\/\/www.prostornina.com\/wp-content\/uploads\/2020\/11\/Graz_POGLED_01-1024x767.jpg 1024w, https:\/\/www.prostornina.com\/wp-content\/uploads\/2020\/11\/Graz_POGLED_01-768x576.jpg 768w, https:\/\/www.prostornina.com\/wp-content\/uploads\/2020\/11\/Graz_POGLED_01-16x12.jpg 16w\" sizes=\"(max-width: 1501px) 100vw, 1501px\" \/>\t\t\t\t\t\t\t\t\t\t\t\t\t<\/div>\n\t\t\t\t<\/div>\n\t\t\t\t<div class=\"elementor-element elementor-element-9fa6a84 elementor-widget elementor-widget-text-editor\" data-id=\"9fa6a84\" data-element_type=\"widget\" data-widget_type=\"text-editor.default\">\n\t\t\t\t<div class=\"elementor-widget-container\">\n\t\t\t\t\t\t\t<p style=\"text-align: center;\"><a href=\"https:\/\/www.prostornina.com\/sl\/projekti\/stanovanje-v-gradcu\/\">Projekt: Stanovanje v Gradcu<\/a><\/p>\t\t\t\t\t\t<\/div>\n\t\t\t\t<\/div>\n\t\t\t\t\t<\/div>\n\t\t<\/div>\n\t\t\t\t\t<\/div>\n\t\t<\/section>\n\t\t\t\t<section class=\"elementor-section elementor-top-section elementor-element elementor-element-543d4ea elementor-section-full_width elementor-section-height-default elementor-section-height-default\" data-id=\"543d4ea\" data-element_type=\"section\" data-settings=\"{&quot;background_background&quot;:&quot;classic&quot;}\">\n\t\t\t\t\t\t<div class=\"elementor-container elementor-column-gap-default\">\n\t\t\t\t\t<div class=\"elementor-column elementor-col-100 elementor-top-column elementor-element elementor-element-d9c83d6\" data-id=\"d9c83d6\" data-element_type=\"column\">\n\t\t\t<div class=\"elementor-widget-wrap elementor-element-populated\">\n\t\t\t\t\t\t<section class=\"elementor-section elementor-inner-section elementor-element elementor-element-288d934 elementor-section-boxed elementor-section-height-default elementor-section-height-default\" data-id=\"288d934\" data-element_type=\"section\">\n\t\t\t\t\t\t<div class=\"elementor-container elementor-column-gap-default\">\n\t\t\t\t\t<div class=\"elementor-column elementor-col-100 elementor-inner-column elementor-element elementor-element-15d639c\" data-id=\"15d639c\" data-element_type=\"column\">\n\t\t\t<div class=\"elementor-widget-wrap elementor-element-populated\">\n\t\t\t\t\t\t<div class=\"elementor-element elementor-element-5f3970c elementor-widget elementor-widget-text-editor\" data-id=\"5f3970c\" data-element_type=\"widget\" data-widget_type=\"text-editor.default\">\n\t\t\t\t<div class=\"elementor-widget-container\">\n\t\t\t\t\t\t\t<p style=\"text-align: center;\"><span style=\"font-weight: 400;\">S pomo\u010djo barv lahko v prostoru ustvarimo razli\u010dne opti\u010dne u\u010dinke. Tako lahko prostor vizualno pove\u010damo ali pomanj\u0161amo, ga podalj\u0161amo ali skraj\u0161amo ter zni\u017eamo ali zvi\u0161amo. Barve pa imajo tudi terapevtski u\u010dinek in vplivajo na razpolo\u017eenje ljudi v prostoru. Z njimi\u00a0 vplivamo na vzdu\u0161je v interierju ter z njihovo pomo\u010djo uravnavamo raven energije.<\/span><\/p>\t\t\t\t\t\t<\/div>\n\t\t\t\t<\/div>\n\t\t\t\t\t<\/div>\n\t\t<\/div>\n\t\t\t\t\t<\/div>\n\t\t<\/section>\n\t\t\t\t\t<\/div>\n\t\t<\/div>\n\t\t\t\t\t<\/div>\n\t\t<\/section>\n\t\t\t\t<section class=\"elementor-section elementor-top-section elementor-element elementor-element-0480190 elementor-section-boxed elementor-section-height-default elementor-section-height-default\" data-id=\"0480190\" data-element_type=\"section\">\n\t\t\t\t\t\t<div class=\"elementor-container elementor-column-gap-default\">\n\t\t\t\t\t<div class=\"elementor-column elementor-col-100 elementor-top-column elementor-element elementor-element-5d461b9\" data-id=\"5d461b9\" data-element_type=\"column\">\n\t\t\t<div class=\"elementor-widget-wrap elementor-element-populated\">\n\t\t\t\t\t\t<div class=\"elementor-element elementor-element-21ed8af elementor-widget elementor-widget-text-editor\" data-id=\"21ed8af\" data-element_type=\"widget\" data-widget_type=\"text-editor.default\">\n\t\t\t\t<div class=\"elementor-widget-container\">\n\t\t\t\t\t\t\t<p style=\"text-align: left;\"><span style=\"font-weight: 400;\">V nadaljevanju smo pripravili nekaj zanimivih nasvetov <\/span><span style=\"font-weight: 400;\">o tem, kako barve vplivajo na razpolo\u017eenje ter katere barve in kako jih uporabiti v interierju. <\/span><\/p>\t\t\t\t\t\t<\/div>\n\t\t\t\t<\/div>\n\t\t\t\t\t<\/div>\n\t\t<\/div>\n\t\t\t\t\t<\/div>\n\t\t<\/section>\n\t\t\t\t<section class=\"elementor-section elementor-top-section elementor-element elementor-element-c74ab21 elementor-section-boxed elementor-section-height-default elementor-section-height-default\" data-id=\"c74ab21\" data-element_type=\"section\">\n\t\t\t\t\t\t<div class=\"elementor-container elementor-column-gap-default\">\n\t\t\t\t\t<div class=\"elementor-column elementor-col-100 elementor-top-column elementor-element elementor-element-5c82591\" data-id=\"5c82591\" data-element_type=\"column\">\n\t\t\t<div class=\"elementor-widget-wrap elementor-element-populated\">\n\t\t\t\t\t\t<div class=\"elementor-element elementor-element-27e7297 elementor-widget elementor-widget-text-editor\" data-id=\"27e7297\" data-element_type=\"widget\" data-widget_type=\"text-editor.default\">\n\t\t\t\t<div class=\"elementor-widget-container\">\n\t\t\t\t\t\t\t<h2><span style=\"font-weight: 400;\">KAKO IZBRATI PRAVE BARVE?<\/span><\/h2><p><span style=\"font-weight: 400;\">V <a href=\"https:\/\/www.prostornina.com\/sl\/\">notranjem oblikovanju<\/a> obstaja nekaj pravil o uporabi barv, ki nam lahko pomagajo ustvariti ravnovesje v prostoru. Eno od njih je brez\u010dasno in preprosto pravilo 60-30-10, ki nam olaj\u0161a nalogo izbiranja barvne lestvice za na\u0161 prostor.<\/span><\/p>\t\t\t\t\t\t<\/div>\n\t\t\t\t<\/div>\n\t\t\t\t\t<\/div>\n\t\t<\/div>\n\t\t\t\t\t<\/div>\n\t\t<\/section>\n\t\t\t\t<section class=\"elementor-section elementor-top-section elementor-element elementor-element-6611d62 elementor-section-boxed elementor-section-height-default elementor-section-height-default\" data-id=\"6611d62\" data-element_type=\"section\">\n\t\t\t\t\t\t<div class=\"elementor-container elementor-column-gap-default\">\n\t\t\t\t\t<div class=\"elementor-column elementor-col-100 elementor-top-column elementor-element elementor-element-1d14d26\" data-id=\"1d14d26\" data-element_type=\"column\">\n\t\t\t<div class=\"elementor-widget-wrap elementor-element-populated\">\n\t\t\t\t\t\t<div class=\"elementor-element elementor-element-825bf1f elementor-widget elementor-widget-image\" data-id=\"825bf1f\" data-element_type=\"widget\" data-widget_type=\"image.default\">\n\t\t\t\t<div class=\"elementor-widget-container\">\n\t\t\t\t\t\t\t\t\t\t\t\t\t<img decoding=\"async\" width=\"1500\" height=\"1125\" src=\"https:\/\/www.prostornina.com\/wp-content\/uploads\/2020\/11\/POGLED_02_DNEVNA_01-e1605862461187.jpg\" class=\"attachment-full size-full wp-image-787\" alt=\"Rural house in Prevalje, Family home interior design | 3D: Duaviz | Design: Prostornina\" \/>\t\t\t\t\t\t\t\t\t\t\t\t\t<\/div>\n\t\t\t\t<\/div>\n\t\t\t\t<div class=\"elementor-element elementor-element-fa8e9eb elementor-widget elementor-widget-text-editor\" data-id=\"fa8e9eb\" data-element_type=\"widget\" data-widget_type=\"text-editor.default\">\n\t\t\t\t<div class=\"elementor-widget-container\">\n\t\t\t\t\t\t\t<p style=\"text-align: center;\"><a href=\"https:\/\/www.prostornina.com\/sl\/projekti\/podezelska-hisa-prevalje\/\">Projekt: Pode\u017eelska hi\u0161a Prevalje<\/a><\/p>\t\t\t\t\t\t<\/div>\n\t\t\t\t<\/div>\n\t\t\t\t\t<\/div>\n\t\t<\/div>\n\t\t\t\t\t<\/div>\n\t\t<\/section>\n\t\t\t\t<section class=\"elementor-section elementor-top-section elementor-element elementor-element-fd442b0 elementor-section-boxed elementor-section-height-default elementor-section-height-default\" data-id=\"fd442b0\" data-element_type=\"section\">\n\t\t\t\t\t\t<div class=\"elementor-container elementor-column-gap-default\">\n\t\t\t\t\t<div class=\"elementor-column elementor-col-100 elementor-top-column elementor-element elementor-element-71849bf\" data-id=\"71849bf\" data-element_type=\"column\">\n\t\t\t<div class=\"elementor-widget-wrap elementor-element-populated\">\n\t\t\t\t\t\t<div class=\"elementor-element elementor-element-db3428a elementor-widget elementor-widget-text-editor\" data-id=\"db3428a\" data-element_type=\"widget\" data-widget_type=\"text-editor.default\">\n\t\t\t\t<div class=\"elementor-widget-container\">\n\t\t\t\t\t\t\t<p><span style=\"font-weight: 400;\">Pravilo pravi, da naj bi bilo 60% prostora v odtenkih primarne oziroma glavne barve, 30% v odtenkih sekundarne oziroma nevtralne barve ter 10% v poudarjenih barvah. Glavna barva je torej tista, ki prevladuje v prostoru. V odtenkih te barve tako obarvamo stene, ve\u010dje kose pohi\u0161tva, velike preproge ali sede\u017ene garniture. Nevtralna barva se od glavne razlikuje in jo dopolnjuje. V tej barvi lahko obarvamo izstopajo\u010de stene, posamezne dele pohi\u0161tva, izstopajo\u010de stole, posteljnino ali zavese. Zadnjih 10% pa predstavlja poudarjena barva, ki v prostor vnese nekaj \u017eivahnosti in drznosti. To barvo torej uporabimo za dekorativne blazine, svetila, umetni\u0161ka dela in druge manj\u0161e <a href=\"https:\/\/www.prostornina.com\/sl\/blog\/\">dekorativne<\/a> elemente. Lahko pa je v poudarjeni barvi tudi vzorec na kak\u0161nem ve\u010djem kosu pohi\u0161tva ali materiala.<\/span><\/p>\t\t\t\t\t\t<\/div>\n\t\t\t\t<\/div>\n\t\t\t\t\t<\/div>\n\t\t<\/div>\n\t\t\t\t\t<\/div>\n\t\t<\/section>\n\t\t\t\t<section class=\"elementor-section elementor-top-section elementor-element elementor-element-efc0fd7 elementor-section-boxed elementor-section-height-default elementor-section-height-default\" data-id=\"efc0fd7\" data-element_type=\"section\">\n\t\t\t\t\t\t<div class=\"elementor-container elementor-column-gap-default\">\n\t\t\t\t\t<div class=\"elementor-column elementor-col-100 elementor-top-column elementor-element elementor-element-b27a72b\" data-id=\"b27a72b\" data-element_type=\"column\">\n\t\t\t<div class=\"elementor-widget-wrap elementor-element-populated\">\n\t\t\t\t\t\t<div class=\"elementor-element elementor-element-a8a791e elementor-widget elementor-widget-text-editor\" data-id=\"a8a791e\" data-element_type=\"widget\" data-widget_type=\"text-editor.default\">\n\t\t\t\t<div class=\"elementor-widget-container\">\n\t\t\t\t\t\t\t<h2><span style=\"font-weight: 400;\">MODRA BARVA<\/span><\/h2><p><span style=\"font-weight: 400;\">Modra simbolizira vodo in nebo in je barva miru, umirjenosti in zaupanja. Na ljudi deluje spro\u0161\u010dujo\u010de in spokojno. Predmete opti\u010dno pove\u010da, zato je primerna tudi za manj\u0161e prostore, kjer \u017eelimo prostor pove\u010dati s pomo\u010djo barve stene. Ustvarja hladen in zra\u010den prostor in jo pogosto uporabimo v <a href=\"https:\/\/www.prostornina.com\/sl\/projekti\/\">interierjih<\/a>, namenjenih sprostitvi, saj pomirja in prispeva k uravnavanju spanja. Tako je primerna za uporabo v spalnici, kopalnici ali na primer v delovni sobi.<\/span><\/p>\t\t\t\t\t\t<\/div>\n\t\t\t\t<\/div>\n\t\t\t\t\t<\/div>\n\t\t<\/div>\n\t\t\t\t\t<\/div>\n\t\t<\/section>\n\t\t\t\t<section class=\"elementor-section elementor-top-section elementor-element elementor-element-295582d elementor-section-boxed elementor-section-height-default elementor-section-height-default\" data-id=\"295582d\" data-element_type=\"section\">\n\t\t\t\t\t\t<div class=\"elementor-container elementor-column-gap-default\">\n\t\t\t\t\t<div class=\"elementor-column elementor-col-100 elementor-top-column elementor-element elementor-element-25cd423\" data-id=\"25cd423\" data-element_type=\"column\">\n\t\t\t<div class=\"elementor-widget-wrap elementor-element-populated\">\n\t\t\t\t\t\t<div class=\"elementor-element elementor-element-fbed1fe elementor-widget elementor-widget-image\" data-id=\"fbed1fe\" data-element_type=\"widget\" data-widget_type=\"image.default\">\n\t\t\t\t<div class=\"elementor-widget-container\">\n\t\t\t\t\t\t\t\t\t\t\t\t\t<img decoding=\"async\" width=\"2560\" height=\"1280\" src=\"https:\/\/www.prostornina.com\/wp-content\/uploads\/2021\/08\/Barve-v-interierju-01-scaled.jpg\" class=\"attachment-full size-full wp-image-2679\" alt=\"\" srcset=\"https:\/\/www.prostornina.com\/wp-content\/uploads\/2021\/08\/Barve-v-interierju-01-scaled.jpg 2560w, https:\/\/www.prostornina.com\/wp-content\/uploads\/2021\/08\/Barve-v-interierju-01-300x150.jpg 300w, https:\/\/www.prostornina.com\/wp-content\/uploads\/2021\/08\/Barve-v-interierju-01-1024x512.jpg 1024w, https:\/\/www.prostornina.com\/wp-content\/uploads\/2021\/08\/Barve-v-interierju-01-768x384.jpg 768w, https:\/\/www.prostornina.com\/wp-content\/uploads\/2021\/08\/Barve-v-interierju-01-1536x768.jpg 1536w, https:\/\/www.prostornina.com\/wp-content\/uploads\/2021\/08\/Barve-v-interierju-01-2048x1024.jpg 2048w, https:\/\/www.prostornina.com\/wp-content\/uploads\/2021\/08\/Barve-v-interierju-01-16x8.jpg 16w\" sizes=\"(max-width: 2560px) 100vw, 2560px\" \/>\t\t\t\t\t\t\t\t\t\t\t\t\t<\/div>\n\t\t\t\t<\/div>\n\t\t\t\t\t<\/div>\n\t\t<\/div>\n\t\t\t\t\t<\/div>\n\t\t<\/section>\n\t\t\t\t<section class=\"elementor-section elementor-top-section elementor-element elementor-element-d6c0480 elementor-section-boxed elementor-section-height-default elementor-section-height-default\" data-id=\"d6c0480\" data-element_type=\"section\">\n\t\t\t\t\t\t<div class=\"elementor-container elementor-column-gap-default\">\n\t\t\t\t\t<div class=\"elementor-column elementor-col-100 elementor-top-column elementor-element elementor-element-2d94162\" data-id=\"2d94162\" data-element_type=\"column\">\n\t\t\t<div class=\"elementor-widget-wrap elementor-element-populated\">\n\t\t\t\t\t\t<div class=\"elementor-element elementor-element-77728d1 elementor-widget elementor-widget-text-editor\" data-id=\"77728d1\" data-element_type=\"widget\" data-widget_type=\"text-editor.default\">\n\t\t\t\t<div class=\"elementor-widget-container\">\n\t\t\t\t\t\t\t<h2><span style=\"font-weight: 400;\">RUMENA BARVA<\/span><\/h2><p><span style=\"font-weight: 400;\">Rumena simbolizira sonce in je barva \u017eivljenja, sre\u010de, zadovoljstva in topline. Na splo\u0161no ima pozitiven u\u010dinek na po\u010dutje ljudi in jih napolni s samozavestjo in optimizmom. Pogosto jo ljudje pozvezujemo tudi s prijateljstvom. Primerna je za kuhinje z jedilnico, dnevne sobe ali prostore za rekreacijo in u\u010denje. Spodbuja umsko aktivnost in ohranja budnost, zato ni primerna za spalnice.<\/span><\/p>\t\t\t\t\t\t<\/div>\n\t\t\t\t<\/div>\n\t\t\t\t\t<\/div>\n\t\t<\/div>\n\t\t\t\t\t<\/div>\n\t\t<\/section>\n\t\t\t\t<section class=\"elementor-section elementor-top-section elementor-element elementor-element-9968a45 elementor-section-boxed elementor-section-height-default elementor-section-height-default\" data-id=\"9968a45\" data-element_type=\"section\">\n\t\t\t\t\t\t<div class=\"elementor-container elementor-column-gap-default\">\n\t\t\t\t\t<div class=\"elementor-column elementor-col-100 elementor-top-column elementor-element elementor-element-4169ec1\" data-id=\"4169ec1\" data-element_type=\"column\">\n\t\t\t<div class=\"elementor-widget-wrap elementor-element-populated\">\n\t\t\t\t\t\t<div class=\"elementor-element elementor-element-218a47f elementor-widget elementor-widget-image\" data-id=\"218a47f\" data-element_type=\"widget\" data-widget_type=\"image.default\">\n\t\t\t\t<div class=\"elementor-widget-container\">\n\t\t\t\t\t\t\t\t\t\t\t\t\t<img loading=\"lazy\" decoding=\"async\" width=\"2560\" height=\"1280\" src=\"https:\/\/www.prostornina.com\/wp-content\/uploads\/2021\/08\/Barve-v-interierju-02-scaled.jpg\" class=\"attachment-full size-full wp-image-2680\" alt=\"\" srcset=\"https:\/\/www.prostornina.com\/wp-content\/uploads\/2021\/08\/Barve-v-interierju-02-scaled.jpg 2560w, https:\/\/www.prostornina.com\/wp-content\/uploads\/2021\/08\/Barve-v-interierju-02-300x150.jpg 300w, https:\/\/www.prostornina.com\/wp-content\/uploads\/2021\/08\/Barve-v-interierju-02-1024x512.jpg 1024w, https:\/\/www.prostornina.com\/wp-content\/uploads\/2021\/08\/Barve-v-interierju-02-768x384.jpg 768w, https:\/\/www.prostornina.com\/wp-content\/uploads\/2021\/08\/Barve-v-interierju-02-1536x768.jpg 1536w, https:\/\/www.prostornina.com\/wp-content\/uploads\/2021\/08\/Barve-v-interierju-02-2048x1024.jpg 2048w, https:\/\/www.prostornina.com\/wp-content\/uploads\/2021\/08\/Barve-v-interierju-02-16x8.jpg 16w\" sizes=\"(max-width: 2560px) 100vw, 2560px\" \/>\t\t\t\t\t\t\t\t\t\t\t\t\t<\/div>\n\t\t\t\t<\/div>\n\t\t\t\t\t<\/div>\n\t\t<\/div>\n\t\t\t\t\t<\/div>\n\t\t<\/section>\n\t\t\t\t<section class=\"elementor-section elementor-top-section elementor-element elementor-element-a5adc6d elementor-section-boxed elementor-section-height-default elementor-section-height-default\" data-id=\"a5adc6d\" data-element_type=\"section\">\n\t\t\t\t\t\t<div class=\"elementor-container elementor-column-gap-default\">\n\t\t\t\t\t<div class=\"elementor-column elementor-col-100 elementor-top-column elementor-element elementor-element-9d3fe90\" data-id=\"9d3fe90\" data-element_type=\"column\">\n\t\t\t<div class=\"elementor-widget-wrap elementor-element-populated\">\n\t\t\t\t\t\t<div class=\"elementor-element elementor-element-91866d5 elementor-widget elementor-widget-text-editor\" data-id=\"91866d5\" data-element_type=\"widget\" data-widget_type=\"text-editor.default\">\n\t\t\t\t<div class=\"elementor-widget-container\">\n\t\t\t\t\t\t\t<h2><span style=\"font-weight: 400;\">VIJOLI\u010cNA BARVA<\/span><\/h2><p><span style=\"font-weight: 400;\">Vijoli\u010dna barva je zmes modre in rde\u010de, hladnega in toplega. Je barva zabave, dinamike, modrosti, kreativnosti in razko\u0161ja. Povezujemo jo z ustvarjalnostjo in umetnostjo, zato je primerna za kreativne ateljeje, otro\u0161ke sobe ali dnevne sobe. Po drugi strani pa vijoli\u010dna barva prina\u0161a umiritev in du\u0161evno ravnote\u017eje, zato je primerna tudi za sobe v katerih se spro\u0161\u010damo, meditiramo.<\/span><\/p>\t\t\t\t\t\t<\/div>\n\t\t\t\t<\/div>\n\t\t\t\t\t<\/div>\n\t\t<\/div>\n\t\t\t\t\t<\/div>\n\t\t<\/section>\n\t\t\t\t<section class=\"elementor-section elementor-top-section elementor-element elementor-element-6f87bbd elementor-section-boxed elementor-section-height-default elementor-section-height-default\" data-id=\"6f87bbd\" data-element_type=\"section\">\n\t\t\t\t\t\t<div class=\"elementor-container elementor-column-gap-default\">\n\t\t\t\t\t<div class=\"elementor-column elementor-col-100 elementor-top-column elementor-element elementor-element-9d4b270\" data-id=\"9d4b270\" data-element_type=\"column\">\n\t\t\t<div class=\"elementor-widget-wrap elementor-element-populated\">\n\t\t\t\t\t\t<div class=\"elementor-element elementor-element-49df1f7 elementor-widget elementor-widget-image\" data-id=\"49df1f7\" data-element_type=\"widget\" data-widget_type=\"image.default\">\n\t\t\t\t<div class=\"elementor-widget-container\">\n\t\t\t\t\t\t\t\t\t\t\t\t\t<img loading=\"lazy\" decoding=\"async\" width=\"2560\" height=\"1280\" src=\"https:\/\/www.prostornina.com\/wp-content\/uploads\/2021\/08\/Barve-v-interierju-03-scaled.jpg\" class=\"attachment-full size-full wp-image-2681\" alt=\"\" srcset=\"https:\/\/www.prostornina.com\/wp-content\/uploads\/2021\/08\/Barve-v-interierju-03-scaled.jpg 2560w, https:\/\/www.prostornina.com\/wp-content\/uploads\/2021\/08\/Barve-v-interierju-03-300x150.jpg 300w, https:\/\/www.prostornina.com\/wp-content\/uploads\/2021\/08\/Barve-v-interierju-03-1024x512.jpg 1024w, https:\/\/www.prostornina.com\/wp-content\/uploads\/2021\/08\/Barve-v-interierju-03-768x384.jpg 768w, https:\/\/www.prostornina.com\/wp-content\/uploads\/2021\/08\/Barve-v-interierju-03-1536x768.jpg 1536w, https:\/\/www.prostornina.com\/wp-content\/uploads\/2021\/08\/Barve-v-interierju-03-2048x1024.jpg 2048w, https:\/\/www.prostornina.com\/wp-content\/uploads\/2021\/08\/Barve-v-interierju-03-16x8.jpg 16w\" sizes=\"(max-width: 2560px) 100vw, 2560px\" \/>\t\t\t\t\t\t\t\t\t\t\t\t\t<\/div>\n\t\t\t\t<\/div>\n\t\t\t\t\t<\/div>\n\t\t<\/div>\n\t\t\t\t\t<\/div>\n\t\t<\/section>\n\t\t\t\t<section class=\"elementor-section elementor-top-section elementor-element elementor-element-e2af779 elementor-section-boxed elementor-section-height-default elementor-section-height-default\" data-id=\"e2af779\" data-element_type=\"section\">\n\t\t\t\t\t\t<div class=\"elementor-container elementor-column-gap-default\">\n\t\t\t\t\t<div class=\"elementor-column elementor-col-100 elementor-top-column elementor-element elementor-element-3515a0d\" data-id=\"3515a0d\" data-element_type=\"column\">\n\t\t\t<div class=\"elementor-widget-wrap elementor-element-populated\">\n\t\t\t\t\t\t<div class=\"elementor-element elementor-element-b4245ac elementor-widget elementor-widget-text-editor\" data-id=\"b4245ac\" data-element_type=\"widget\" data-widget_type=\"text-editor.default\">\n\t\t\t\t<div class=\"elementor-widget-container\">\n\t\t\t\t\t\t\t<h2><span style=\"font-weight: 400;\">ZELENA BARVA<\/span><\/h2><p><span style=\"font-weight: 400;\">Zelena barva je barva sre\u010de, potrpljenja, svobode in sprostitve saj simbolizira \u017eivljenje, naravo, rast in ideje. V prostoru ustvari harmonijo in ravnote\u017eje. Zelena barva, podobno kot modra, spada med hladne barve in nas pomirja in ohlaja. Tako je najbolj primerna za dnevne sobe, spalnice in delovne prostore. <\/span><\/p>\t\t\t\t\t\t<\/div>\n\t\t\t\t<\/div>\n\t\t\t\t\t<\/div>\n\t\t<\/div>\n\t\t\t\t\t<\/div>\n\t\t<\/section>\n\t\t\t\t<section class=\"elementor-section elementor-top-section elementor-element elementor-element-cafa666 elementor-section-boxed elementor-section-height-default elementor-section-height-default\" data-id=\"cafa666\" data-element_type=\"section\">\n\t\t\t\t\t\t<div class=\"elementor-container elementor-column-gap-default\">\n\t\t\t\t\t<div class=\"elementor-column elementor-col-100 elementor-top-column elementor-element elementor-element-0265ad1\" data-id=\"0265ad1\" data-element_type=\"column\">\n\t\t\t<div class=\"elementor-widget-wrap elementor-element-populated\">\n\t\t\t\t\t\t<div class=\"elementor-element elementor-element-31ec41f elementor-widget elementor-widget-image\" data-id=\"31ec41f\" data-element_type=\"widget\" data-widget_type=\"image.default\">\n\t\t\t\t<div class=\"elementor-widget-container\">\n\t\t\t\t\t\t\t\t\t\t\t\t\t<img loading=\"lazy\" decoding=\"async\" width=\"2560\" height=\"1280\" src=\"https:\/\/www.prostornina.com\/wp-content\/uploads\/2021\/08\/Barve-v-interierju-04-scaled.jpg\" class=\"attachment-full size-full wp-image-2682\" alt=\"\" srcset=\"https:\/\/www.prostornina.com\/wp-content\/uploads\/2021\/08\/Barve-v-interierju-04-scaled.jpg 2560w, https:\/\/www.prostornina.com\/wp-content\/uploads\/2021\/08\/Barve-v-interierju-04-300x150.jpg 300w, https:\/\/www.prostornina.com\/wp-content\/uploads\/2021\/08\/Barve-v-interierju-04-1024x512.jpg 1024w, https:\/\/www.prostornina.com\/wp-content\/uploads\/2021\/08\/Barve-v-interierju-04-768x384.jpg 768w, https:\/\/www.prostornina.com\/wp-content\/uploads\/2021\/08\/Barve-v-interierju-04-1536x768.jpg 1536w, https:\/\/www.prostornina.com\/wp-content\/uploads\/2021\/08\/Barve-v-interierju-04-2048x1024.jpg 2048w, https:\/\/www.prostornina.com\/wp-content\/uploads\/2021\/08\/Barve-v-interierju-04-16x8.jpg 16w\" sizes=\"(max-width: 2560px) 100vw, 2560px\" \/>\t\t\t\t\t\t\t\t\t\t\t\t\t<\/div>\n\t\t\t\t<\/div>\n\t\t\t\t\t<\/div>\n\t\t<\/div>\n\t\t\t\t\t<\/div>\n\t\t<\/section>\n\t\t\t\t<section class=\"elementor-section elementor-top-section elementor-element elementor-element-faea95b elementor-section-boxed elementor-section-height-default elementor-section-height-default\" data-id=\"faea95b\" data-element_type=\"section\">\n\t\t\t\t\t\t<div class=\"elementor-container elementor-column-gap-default\">\n\t\t\t\t\t<div class=\"elementor-column elementor-col-100 elementor-top-column elementor-element elementor-element-6d007f7\" data-id=\"6d007f7\" data-element_type=\"column\">\n\t\t\t<div class=\"elementor-widget-wrap elementor-element-populated\">\n\t\t\t\t\t\t<div class=\"elementor-element elementor-element-3d7ca95 elementor-widget elementor-widget-text-editor\" data-id=\"3d7ca95\" data-element_type=\"widget\" data-widget_type=\"text-editor.default\">\n\t\t\t\t<div class=\"elementor-widget-container\">\n\t\t\t\t\t\t\t<h2><span style=\"font-weight: 400;\">ROZA BARVA<\/span><\/h2><p><span style=\"font-weight: 400;\">Roza je barva prijaznosti, so\u010dutja in ljubezni. Na ljudi deluje pomirjujo\u010de in omogo\u010da, da se la\u017eje sprostimo in odpo\u010dijemo. Zato je primerna za skoraj vse prostore, \u0161e posebej pa za spalnice, dekli\u0161ke in dnevne sobe.<\/span><\/p>\t\t\t\t\t\t<\/div>\n\t\t\t\t<\/div>\n\t\t\t\t\t<\/div>\n\t\t<\/div>\n\t\t\t\t\t<\/div>\n\t\t<\/section>\n\t\t\t\t<section class=\"elementor-section elementor-top-section elementor-element elementor-element-6ff1240 elementor-section-boxed elementor-section-height-default elementor-section-height-default\" data-id=\"6ff1240\" data-element_type=\"section\">\n\t\t\t\t\t\t<div class=\"elementor-container elementor-column-gap-default\">\n\t\t\t\t\t<div class=\"elementor-column elementor-col-100 elementor-top-column elementor-element elementor-element-39a4868\" data-id=\"39a4868\" data-element_type=\"column\">\n\t\t\t<div class=\"elementor-widget-wrap elementor-element-populated\">\n\t\t\t\t\t\t<div class=\"elementor-element elementor-element-a1dff35 elementor-widget elementor-widget-image\" data-id=\"a1dff35\" data-element_type=\"widget\" data-widget_type=\"image.default\">\n\t\t\t\t<div class=\"elementor-widget-container\">\n\t\t\t\t\t\t\t\t\t\t\t\t\t<img loading=\"lazy\" decoding=\"async\" width=\"2560\" height=\"1280\" src=\"https:\/\/www.prostornina.com\/wp-content\/uploads\/2021\/08\/Barve-v-interierju-05-scaled.jpg\" class=\"attachment-full size-full wp-image-2683\" alt=\"\" srcset=\"https:\/\/www.prostornina.com\/wp-content\/uploads\/2021\/08\/Barve-v-interierju-05-scaled.jpg 2560w, https:\/\/www.prostornina.com\/wp-content\/uploads\/2021\/08\/Barve-v-interierju-05-300x150.jpg 300w, https:\/\/www.prostornina.com\/wp-content\/uploads\/2021\/08\/Barve-v-interierju-05-1024x512.jpg 1024w, https:\/\/www.prostornina.com\/wp-content\/uploads\/2021\/08\/Barve-v-interierju-05-768x384.jpg 768w, https:\/\/www.prostornina.com\/wp-content\/uploads\/2021\/08\/Barve-v-interierju-05-1536x768.jpg 1536w, https:\/\/www.prostornina.com\/wp-content\/uploads\/2021\/08\/Barve-v-interierju-05-2048x1024.jpg 2048w, https:\/\/www.prostornina.com\/wp-content\/uploads\/2021\/08\/Barve-v-interierju-05-16x8.jpg 16w\" sizes=\"(max-width: 2560px) 100vw, 2560px\" \/>\t\t\t\t\t\t\t\t\t\t\t\t\t<\/div>\n\t\t\t\t<\/div>\n\t\t\t\t\t<\/div>\n\t\t<\/div>\n\t\t\t\t\t<\/div>\n\t\t<\/section>\n\t\t\t\t<section class=\"elementor-section elementor-top-section elementor-element elementor-element-12b9fbb elementor-section-boxed elementor-section-height-default elementor-section-height-default\" data-id=\"12b9fbb\" data-element_type=\"section\">\n\t\t\t\t\t\t<div class=\"elementor-container elementor-column-gap-default\">\n\t\t\t\t\t<div class=\"elementor-column elementor-col-100 elementor-top-column elementor-element elementor-element-9bb3e1b\" data-id=\"9bb3e1b\" data-element_type=\"column\">\n\t\t\t<div class=\"elementor-widget-wrap\">\n\t\t\t\t\t\t\t<\/div>\n\t\t<\/div>\n\t\t\t\t\t<\/div>\n\t\t<\/section>\n\t\t\t\t<section class=\"elementor-section elementor-top-section elementor-element elementor-element-29c480a elementor-section-boxed elementor-section-height-default elementor-section-height-default\" data-id=\"29c480a\" data-element_type=\"section\">\n\t\t\t\t\t\t<div class=\"elementor-container elementor-column-gap-default\">\n\t\t\t\t\t<div class=\"elementor-column elementor-col-100 elementor-top-column elementor-element elementor-element-824a50e\" data-id=\"824a50e\" data-element_type=\"column\">\n\t\t\t<div class=\"elementor-widget-wrap elementor-element-populated\">\n\t\t\t\t\t\t<div class=\"elementor-element elementor-element-ae5f0cb elementor-widget elementor-widget-text-editor\" data-id=\"ae5f0cb\" data-element_type=\"widget\" data-widget_type=\"text-editor.default\">\n\t\t\t\t<div class=\"elementor-widget-container\">\n\t\t\t\t\t\t\t<p style=\"text-align: center;\"><span style=\"font-weight: 400;\"><a href=\"https:\/\/www.prostornina.com\/sl\/projekti\/\" target=\"_blank\" rel=\"noopener\">Oglejte si vse na\u0161e projekte.<\/a><\/span><\/p>\t\t\t\t\t\t<\/div>\n\t\t\t\t<\/div>\n\t\t\t\t\t<\/div>\n\t\t<\/div>\n\t\t\t\t\t<\/div>\n\t\t<\/section>\n\t\t\t\t<\/div>","protected":false},"excerpt":{"rendered":"<p>Barve, bolj kot katerikoli drugi faktor, vplivajo na vzdu\u0161je v prostoru. Razli\u010dne barve in barvni odtenki v nas vzbudijo tudi razli\u010dne ob\u010dutke. Pri izbiranju barv za na\u0161 dom je tako klju\u010dno, da razmislimo kak\u0161no vzdu\u0161je \u017eelimo v prostoru ustvariti in kateri barvni odtenki nam bodo to pomagali dose\u010di. Projekt: Stanovanje v Gradcu S pomo\u010djo barv [&hellip;]<\/p>","protected":false},"author":2,"featured_media":1449,"comment_status":"open","ping_status":"open","sticky":false,"template":"","format":"standard","meta":{"_acf_changed":false,"inline_featured_image":false,"footnotes":""},"categories":[1],"tags":[],"class_list":["post-2662","post","type-post","status-publish","format-standard","has-post-thumbnail","hentry","category-prostornina"],"acf":[],"yoast_head":"<!-- This site is optimized with the Yoast SEO plugin v24.0 - https:\/\/yoast.com\/wordpress\/plugins\/seo\/ -->\n<title>Barve v interierju | Blog | Prostornina | Interior Design<\/title>\n<meta name=\"description\" content=\"V blog zapisu si lahko preberete kako barve vplivajo na razpolo\u017eenje ter kje in zakaj v interierju jih uporabiti.\" \/>\n<meta name=\"robots\" content=\"index, follow, max-snippet:-1, max-image-preview:large, max-video-preview:-1\" \/>\n<link rel=\"canonical\" href=\"https:\/\/www.prostornina.com\/sl\/barve-v-interierju\/\" \/>\n<meta property=\"og:locale\" content=\"sl_SI\" \/>\n<meta property=\"og:type\" content=\"article\" \/>\n<meta property=\"og:title\" content=\"Barve v interierju | Blog | Prostornina | Interior Design\" \/>\n<meta property=\"og:description\" content=\"V blog zapisu si lahko preberete kako barve vplivajo na razpolo\u017eenje ter kje in zakaj v interierju jih uporabiti.\" \/>\n<meta property=\"og:url\" content=\"https:\/\/www.prostornina.com\/sl\/barve-v-interierju\/\" \/>\n<meta property=\"og:site_name\" content=\"Prostornina | Notranje oblikovanje\" \/>\n<meta property=\"article:publisher\" content=\"https:\/\/www.facebook.com\/prostornina\" \/>\n<meta property=\"article:published_time\" content=\"2021-08-03T07:38:25+00:00\" \/>\n<meta property=\"article:modified_time\" content=\"2021-08-03T11:33:58+00:00\" \/>\n<meta property=\"og:image\" content=\"https:\/\/www.prostornina.com\/wp-content\/uploads\/2020\/11\/Graz_POGLED_01.jpg\" \/>\n\t<meta property=\"og:image:width\" content=\"1501\" \/>\n\t<meta property=\"og:image:height\" content=\"1125\" \/>\n\t<meta property=\"og:image:type\" content=\"image\/jpeg\" \/>\n<meta name=\"author\" content=\"Prostornina Prostornina\" \/>\n<meta name=\"twitter:card\" content=\"summary_large_image\" \/>\n<meta name=\"twitter:label1\" content=\"Written by\" \/>\n\t<meta name=\"twitter:data1\" content=\"Prostornina Prostornina\" \/>\n\t<meta name=\"twitter:label2\" content=\"Est. reading time\" \/>\n\t<meta name=\"twitter:data2\" content=\"4 minute\" \/>\n<script type=\"application\/ld+json\" class=\"yoast-schema-graph\">{\"@context\":\"https:\/\/schema.org\",\"@graph\":[{\"@type\":\"Article\",\"@id\":\"https:\/\/www.prostornina.com\/barve-v-interierju\/#article\",\"isPartOf\":{\"@id\":\"https:\/\/www.prostornina.com\/barve-v-interierju\/\"},\"author\":{\"name\":\"Prostornina Prostornina\",\"@id\":\"https:\/\/www.prostornina.com\/sl\/#\/schema\/person\/afbd77fb1929c08ed09e808f3271fdae\"},\"headline\":\"Barve v interierju\",\"datePublished\":\"2021-08-03T07:38:25+00:00\",\"dateModified\":\"2021-08-03T11:33:58+00:00\",\"mainEntityOfPage\":{\"@id\":\"https:\/\/www.prostornina.com\/barve-v-interierju\/\"},\"wordCount\":641,\"commentCount\":0,\"publisher\":{\"@id\":\"https:\/\/www.prostornina.com\/sl\/#organization\"},\"image\":{\"@id\":\"https:\/\/www.prostornina.com\/barve-v-interierju\/#primaryimage\"},\"thumbnailUrl\":\"https:\/\/www.prostornina.com\/wp-content\/uploads\/2020\/11\/Graz_POGLED_01.jpg\",\"articleSection\":[\"prostornina\"],\"inLanguage\":\"sl-SI\",\"potentialAction\":[{\"@type\":\"CommentAction\",\"name\":\"Comment\",\"target\":[\"https:\/\/www.prostornina.com\/barve-v-interierju\/#respond\"]}]},{\"@type\":\"WebPage\",\"@id\":\"https:\/\/www.prostornina.com\/barve-v-interierju\/\",\"url\":\"https:\/\/www.prostornina.com\/barve-v-interierju\/\",\"name\":\"Barve v interierju | Blog | Prostornina | Interior Design\",\"isPartOf\":{\"@id\":\"https:\/\/www.prostornina.com\/sl\/#website\"},\"primaryImageOfPage\":{\"@id\":\"https:\/\/www.prostornina.com\/barve-v-interierju\/#primaryimage\"},\"image\":{\"@id\":\"https:\/\/www.prostornina.com\/barve-v-interierju\/#primaryimage\"},\"thumbnailUrl\":\"https:\/\/www.prostornina.com\/wp-content\/uploads\/2020\/11\/Graz_POGLED_01.jpg\",\"datePublished\":\"2021-08-03T07:38:25+00:00\",\"dateModified\":\"2021-08-03T11:33:58+00:00\",\"description\":\"V blog zapisu si lahko preberete kako barve vplivajo na razpolo\u017eenje ter kje in zakaj v interierju jih uporabiti.\",\"breadcrumb\":{\"@id\":\"https:\/\/www.prostornina.com\/barve-v-interierju\/#breadcrumb\"},\"inLanguage\":\"sl-SI\",\"potentialAction\":[{\"@type\":\"ReadAction\",\"target\":[\"https:\/\/www.prostornina.com\/barve-v-interierju\/\"]}]},{\"@type\":\"ImageObject\",\"inLanguage\":\"sl-SI\",\"@id\":\"https:\/\/www.prostornina.com\/barve-v-interierju\/#primaryimage\",\"url\":\"https:\/\/www.prostornina.com\/wp-content\/uploads\/2020\/11\/Graz_POGLED_01.jpg\",\"contentUrl\":\"https:\/\/www.prostornina.com\/wp-content\/uploads\/2020\/11\/Graz_POGLED_01.jpg\",\"width\":1501,\"height\":1125},{\"@type\":\"BreadcrumbList\",\"@id\":\"https:\/\/www.prostornina.com\/barve-v-interierju\/#breadcrumb\",\"itemListElement\":[{\"@type\":\"ListItem\",\"position\":1,\"name\":\"Home\",\"item\":\"https:\/\/www.prostornina.com\/\"},{\"@type\":\"ListItem\",\"position\":2,\"name\":\"Barve v interierju\"}]},{\"@type\":\"WebSite\",\"@id\":\"https:\/\/www.prostornina.com\/sl\/#website\",\"url\":\"https:\/\/www.prostornina.com\/sl\/\",\"name\":\"Prostornina | Notranje oblikovanje\",\"description\":\"Va\u0161im zgodbam dajemo obliko. Ustvarjamo z ob\u010dutkom oblikovane prostore, ki so funkcionalni in nosijo edinstvene zgodbe po meri naro\u010dnika.\",\"publisher\":{\"@id\":\"https:\/\/www.prostornina.com\/sl\/#organization\"},\"potentialAction\":[{\"@type\":\"SearchAction\",\"target\":{\"@type\":\"EntryPoint\",\"urlTemplate\":\"https:\/\/www.prostornina.com\/sl\/?s={search_term_string}\"},\"query-input\":{\"@type\":\"PropertyValueSpecification\",\"valueRequired\":true,\"valueName\":\"search_term_string\"}}],\"inLanguage\":\"sl-SI\"},{\"@type\":\"Organization\",\"@id\":\"https:\/\/www.prostornina.com\/sl\/#organization\",\"name\":\"Prostornina\",\"url\":\"https:\/\/www.prostornina.com\/sl\/\",\"logo\":{\"@type\":\"ImageObject\",\"inLanguage\":\"sl-SI\",\"@id\":\"https:\/\/www.prostornina.com\/sl\/#\/schema\/logo\/image\/\",\"url\":\"https:\/\/www.prostornina.com\/wp-content\/uploads\/2020\/09\/logo.svg\",\"contentUrl\":\"https:\/\/www.prostornina.com\/wp-content\/uploads\/2020\/09\/logo.svg\",\"width\":184,\"height\":80,\"caption\":\"Prostornina\"},\"image\":{\"@id\":\"https:\/\/www.prostornina.com\/sl\/#\/schema\/logo\/image\/\"},\"sameAs\":[\"https:\/\/www.facebook.com\/prostornina\",\"https:\/\/www.instagram.com\/prostor_nina\/\",\"https:\/\/www.linkedin.com\/company\/prostornina\/\"]},{\"@type\":\"Person\",\"@id\":\"https:\/\/www.prostornina.com\/sl\/#\/schema\/person\/afbd77fb1929c08ed09e808f3271fdae\",\"name\":\"Prostornina Prostornina\",\"image\":{\"@type\":\"ImageObject\",\"inLanguage\":\"sl-SI\",\"@id\":\"https:\/\/www.prostornina.com\/sl\/#\/schema\/person\/image\/\",\"url\":\"https:\/\/secure.gravatar.com\/avatar\/215e0be1200e1f447b004cfb2b3d00aa?s=96&d=mm&r=g\",\"contentUrl\":\"https:\/\/secure.gravatar.com\/avatar\/215e0be1200e1f447b004cfb2b3d00aa?s=96&d=mm&r=g\",\"caption\":\"Prostornina Prostornina\"},\"sameAs\":[\"https:\/\/www.prostornina.com\"],\"url\":\"https:\/\/www.prostornina.com\/sl\/author\/prostornina\/\"}]}<\/script>\n<!-- \/ Yoast SEO plugin. -->","yoast_head_json":{"title":"Barve v interierju | Blog | Prostornina | Interior Design","description":"V blog zapisu si lahko preberete kako barve vplivajo na razpolo\u017eenje ter kje in zakaj v interierju jih uporabiti.","robots":{"index":"index","follow":"follow","max-snippet":"max-snippet:-1","max-image-preview":"max-image-preview:large","max-video-preview":"max-video-preview:-1"},"canonical":"https:\/\/www.prostornina.com\/sl\/barve-v-interierju\/","og_locale":"sl_SI","og_type":"article","og_title":"Barve v interierju | Blog | Prostornina | Interior Design","og_description":"V blog zapisu si lahko preberete kako barve vplivajo na razpolo\u017eenje ter kje in zakaj v interierju jih uporabiti.","og_url":"https:\/\/www.prostornina.com\/sl\/barve-v-interierju\/","og_site_name":"Prostornina | Notranje oblikovanje","article_publisher":"https:\/\/www.facebook.com\/prostornina","article_published_time":"2021-08-03T07:38:25+00:00","article_modified_time":"2021-08-03T11:33:58+00:00","og_image":[{"width":1501,"height":1125,"url":"https:\/\/www.prostornina.com\/wp-content\/uploads\/2020\/11\/Graz_POGLED_01.jpg","type":"image\/jpeg"}],"author":"Prostornina Prostornina","twitter_card":"summary_large_image","twitter_misc":{"Written by":"Prostornina Prostornina","Est. reading time":"4 minute"},"schema":{"@context":"https:\/\/schema.org","@graph":[{"@type":"Article","@id":"https:\/\/www.prostornina.com\/barve-v-interierju\/#article","isPartOf":{"@id":"https:\/\/www.prostornina.com\/barve-v-interierju\/"},"author":{"name":"Prostornina Prostornina","@id":"https:\/\/www.prostornina.com\/sl\/#\/schema\/person\/afbd77fb1929c08ed09e808f3271fdae"},"headline":"Barve v interierju","datePublished":"2021-08-03T07:38:25+00:00","dateModified":"2021-08-03T11:33:58+00:00","mainEntityOfPage":{"@id":"https:\/\/www.prostornina.com\/barve-v-interierju\/"},"wordCount":641,"commentCount":0,"publisher":{"@id":"https:\/\/www.prostornina.com\/sl\/#organization"},"image":{"@id":"https:\/\/www.prostornina.com\/barve-v-interierju\/#primaryimage"},"thumbnailUrl":"https:\/\/www.prostornina.com\/wp-content\/uploads\/2020\/11\/Graz_POGLED_01.jpg","articleSection":["prostornina"],"inLanguage":"sl-SI","potentialAction":[{"@type":"CommentAction","name":"Comment","target":["https:\/\/www.prostornina.com\/barve-v-interierju\/#respond"]}]},{"@type":"WebPage","@id":"https:\/\/www.prostornina.com\/barve-v-interierju\/","url":"https:\/\/www.prostornina.com\/barve-v-interierju\/","name":"Barve v interierju | Blog | Prostornina | Interior Design","isPartOf":{"@id":"https:\/\/www.prostornina.com\/sl\/#website"},"primaryImageOfPage":{"@id":"https:\/\/www.prostornina.com\/barve-v-interierju\/#primaryimage"},"image":{"@id":"https:\/\/www.prostornina.com\/barve-v-interierju\/#primaryimage"},"thumbnailUrl":"https:\/\/www.prostornina.com\/wp-content\/uploads\/2020\/11\/Graz_POGLED_01.jpg","datePublished":"2021-08-03T07:38:25+00:00","dateModified":"2021-08-03T11:33:58+00:00","description":"V blog zapisu si lahko preberete kako barve vplivajo na razpolo\u017eenje ter kje in zakaj v interierju jih uporabiti.","breadcrumb":{"@id":"https:\/\/www.prostornina.com\/barve-v-interierju\/#breadcrumb"},"inLanguage":"sl-SI","potentialAction":[{"@type":"ReadAction","target":["https:\/\/www.prostornina.com\/barve-v-interierju\/"]}]},{"@type":"ImageObject","inLanguage":"sl-SI","@id":"https:\/\/www.prostornina.com\/barve-v-interierju\/#primaryimage","url":"https:\/\/www.prostornina.com\/wp-content\/uploads\/2020\/11\/Graz_POGLED_01.jpg","contentUrl":"https:\/\/www.prostornina.com\/wp-content\/uploads\/2020\/11\/Graz_POGLED_01.jpg","width":1501,"height":1125},{"@type":"BreadcrumbList","@id":"https:\/\/www.prostornina.com\/barve-v-interierju\/#breadcrumb","itemListElement":[{"@type":"ListItem","position":1,"name":"Home","item":"https:\/\/www.prostornina.com\/"},{"@type":"ListItem","position":2,"name":"Barve v interierju"}]},{"@type":"WebSite","@id":"https:\/\/www.prostornina.com\/sl\/#website","url":"https:\/\/www.prostornina.com\/sl\/","name":"Prostornina | Notranje oblikovanje","description":"Va\u0161im zgodbam dajemo obliko. Ustvarjamo z ob\u010dutkom oblikovane prostore, ki so funkcionalni in nosijo edinstvene zgodbe po meri naro\u010dnika.","publisher":{"@id":"https:\/\/www.prostornina.com\/sl\/#organization"},"potentialAction":[{"@type":"SearchAction","target":{"@type":"EntryPoint","urlTemplate":"https:\/\/www.prostornina.com\/sl\/?s={search_term_string}"},"query-input":{"@type":"PropertyValueSpecification","valueRequired":true,"valueName":"search_term_string"}}],"inLanguage":"sl-SI"},{"@type":"Organization","@id":"https:\/\/www.prostornina.com\/sl\/#organization","name":"Prostornina","url":"https:\/\/www.prostornina.com\/sl\/","logo":{"@type":"ImageObject","inLanguage":"sl-SI","@id":"https:\/\/www.prostornina.com\/sl\/#\/schema\/logo\/image\/","url":"https:\/\/www.prostornina.com\/wp-content\/uploads\/2020\/09\/logo.svg","contentUrl":"https:\/\/www.prostornina.com\/wp-content\/uploads\/2020\/09\/logo.svg","width":184,"height":80,"caption":"Prostornina"},"image":{"@id":"https:\/\/www.prostornina.com\/sl\/#\/schema\/logo\/image\/"},"sameAs":["https:\/\/www.facebook.com\/prostornina","https:\/\/www.instagram.com\/prostor_nina\/","https:\/\/www.linkedin.com\/company\/prostornina\/"]},{"@type":"Person","@id":"https:\/\/www.prostornina.com\/sl\/#\/schema\/person\/afbd77fb1929c08ed09e808f3271fdae","name":"Prostornina Prostornina","image":{"@type":"ImageObject","inLanguage":"sl-SI","@id":"https:\/\/www.prostornina.com\/sl\/#\/schema\/person\/image\/","url":"https:\/\/secure.gravatar.com\/avatar\/215e0be1200e1f447b004cfb2b3d00aa?s=96&d=mm&r=g","contentUrl":"https:\/\/secure.gravatar.com\/avatar\/215e0be1200e1f447b004cfb2b3d00aa?s=96&d=mm&r=g","caption":"Prostornina Prostornina"},"sameAs":["https:\/\/www.prostornina.com"],"url":"https:\/\/www.prostornina.com\/sl\/author\/prostornina\/"}]}},"_links":{"self":[{"href":"https:\/\/www.prostornina.com\/sl\/wp-json\/wp\/v2\/posts\/2662","targetHints":{"allow":["GET"]}}],"collection":[{"href":"https:\/\/www.prostornina.com\/sl\/wp-json\/wp\/v2\/posts"}],"about":[{"href":"https:\/\/www.prostornina.com\/sl\/wp-json\/wp\/v2\/types\/post"}],"author":[{"embeddable":true,"href":"https:\/\/www.prostornina.com\/sl\/wp-json\/wp\/v2\/users\/2"}],"replies":[{"embeddable":true,"href":"https:\/\/www.prostornina.com\/sl\/wp-json\/wp\/v2\/comments?post=2662"}],"version-history":[{"count":31,"href":"https:\/\/www.prostornina.com\/sl\/wp-json\/wp\/v2\/posts\/2662\/revisions"}],"predecessor-version":[{"id":2712,"href":"https:\/\/www.prostornina.com\/sl\/wp-json\/wp\/v2\/posts\/2662\/revisions\/2712"}],"wp:featuredmedia":[{"embeddable":true,"href":"https:\/\/www.prostornina.com\/sl\/wp-json\/wp\/v2\/media\/1449"}],"wp:attachment":[{"href":"https:\/\/www.prostornina.com\/sl\/wp-json\/wp\/v2\/media?parent=2662"}],"wp:term":[{"taxonomy":"category","embeddable":true,"href":"https:\/\/www.prostornina.com\/sl\/wp-json\/wp\/v2\/categories?post=2662"},{"taxonomy":"post_tag","embeddable":true,"href":"https:\/\/www.prostornina.com\/sl\/wp-json\/wp\/v2\/tags?post=2662"}],"curies":[{"name":"wp","href":"https:\/\/api.w.org\/{rel}","templated":true}]}}